{"id":977,"date":"2023-05-17T14:15:28","date_gmt":"2023-05-17T14:15:28","guid":{"rendered":"http:\/\/websimar01\/simar\/?p=977"},"modified":"2024-10-29T14:02:26","modified_gmt":"2024-10-29T14:02:26","slug":"tomou-posse-novo-conselho-de","status":"publish","type":"post","link":"https:\/\/www.simar-louresodivelas.pt\/index.php\/arquivo\/977","title":{"rendered":"Tomou posse novo Conselho de Administra\u00e7\u00e3o dos SIMAR"},"content":{"rendered":"\t\t<div data-elementor-type=\"wp-post\" data-elementor-id=\"977\" class=\"elementor elementor-977\">\n\t\t\t\t\t\t<section class=\"elementor-section elementor-top-section elementor-element elementor-element-f08769e elementor-section-boxed elementor-section-height-default elementor-section-height-default\" data-id=\"f08769e\" data-element_type=\"section\">\n\t\t\t\t\t\t<div class=\"elementor-container elementor-column-gap-default\">\n\t\t\t\t\t<div class=\"aux-parallax-section elementor-column elementor-col-100 elementor-top-column elementor-element elementor-element-7c52131\" data-id=\"7c52131\" data-element_type=\"column\">\n\t\t\t<div class=\"elementor-widget-wrap elementor-element-populated\">\n\t\t\t\t\t\t<div class=\"elementor-element elementor-element-a609af3 elementor-widget elementor-widget-text-editor\" data-id=\"a609af3\" data-element_type=\"widget\" data-widget_type=\"text-editor.default\">\n\t\t\t\t<div class=\"elementor-widget-container\">\n\t\t\t\t\t\t\t\t\t<h4>Tomou posse novo Conselho de Administra\u00e7\u00e3o dos SIMAR<\/h4>\t\t\t\t\t\t\t\t<\/div>\n\t\t\t\t<\/div>\n\t\t\t\t\t<\/div>\n\t\t<\/div>\n\t\t\t\t\t<\/div>\n\t\t<\/section>\n\t\t\t\t<section class=\"elementor-section elementor-top-section elementor-element elementor-element-cf7698a elementor-section-boxed elementor-section-height-default elementor-section-height-default\" data-id=\"cf7698a\" data-element_type=\"section\">\n\t\t\t\t\t\t<div class=\"elementor-container elementor-column-gap-default\">\n\t\t\t\t\t<div class=\"aux-parallax-section elementor-column elementor-col-100 elementor-top-column elementor-element elementor-element-fc9590f\" data-id=\"fc9590f\" data-element_type=\"column\">\n\t\t\t<div class=\"elementor-widget-wrap elementor-element-populated\">\n\t\t\t\t\t\t<div class=\"elementor-element elementor-element-615fa60 elementor-widget elementor-widget-text-editor\" data-id=\"615fa60\" data-element_type=\"widget\" data-widget_type=\"text-editor.default\">\n\t\t\t\t<div class=\"elementor-widget-container\">\n\t\t\t\t\t\t\t\t\t<p>&nbsp;O novo Conselho de Administra\u00e7\u00e3o dos SIMAR, atualmente, sob a presid\u00eancia do munic\u00edpio de Odivelas, foi apresentado, ontem, dia 2 de maio.<\/p>\n<p>&nbsp;Nos pr\u00f3ximos 18 meses, Edgar Valles, Vice-Presidente da C\u00e2mara Municipal de Odivelas, presidir\u00e1 o Conselho de Administra\u00e7\u00e3o dos SIMAR.<\/p>\n<p>&nbsp;Cor\u00e1lia Vi\u00e7oso Rodrigues tomou posse como Vogal do Conselho de Administra\u00e7\u00e3o pelo munic\u00edpio de Odivelas e acompanhar\u00e1 o Departamento Comercial e o de Explora\u00e7\u00e3o de \u00c1guas.<\/p>\n<p>Pelo munic\u00edpio de Loures, foi empossada a Vogal do Conselho de Administra\u00e7\u00e3o, Susana Oliveira, que acompanhar\u00e1 o Departamento de Res\u00edduos e Apoio Log\u00edstico, Divis\u00e3o de Recursos Humanos e a de Aprovisionamento.<\/p>\n<p>Edgar Valles, indicou, nesta data, tr\u00eas pressupostos que servir\u00e3o de base \u00e0 atua\u00e7\u00e3o da equipa, neste novo ciclo. Cumprir objetivos, falar verdade e servir com rigor.<\/p>\n<p><\/p>\t\t\t\t\t\t\t\t<\/div>\n\t\t\t\t<\/div>\n\t\t\t\t\t<\/div>\n\t\t<\/div>\n\t\t\t\t\t<\/div>\n\t\t<\/section>\n\t\t\t\t<section class=\"elementor-section elementor-top-section elementor-element elementor-element-2c80a5e elementor-section-boxed elementor-section-height-default elementor-section-height-default\" data-id=\"2c80a5e\" data-element_type=\"section\">\n\t\t\t\t\t\t<div class=\"elementor-container elementor-column-gap-default\">\n\t\t\t\t\t<div class=\"aux-parallax-section elementor-column elementor-col-33 elementor-top-column elementor-element elementor-element-67897dd\" data-id=\"67897dd\" data-element_type=\"column\">\n\t\t\t<div class=\"elementor-widget-wrap elementor-element-populated\">\n\t\t\t\t\t\t<div class=\"elementor-element elementor-element-1113d34 elementor-widget elementor-widget-image\" data-id=\"1113d34\" data-element_type=\"widget\" data-widget_type=\"image.default\">\n\t\t\t\t<div class=\"elementor-widget-container\">\n\t\t\t\t\t\t\t\t\t\t\t\t<figure class=\"wp-caption\">\n\t\t\t\t\t\t\t\t\t\t<img fetchpriority=\"high\" decoding=\"async\" width=\"200\" height=\"268\" src=\"https:\/\/www.simar-louresodivelas.pt\/wp-content\/uploads\/2023\/09\/Edgar-Valles-_-presidente-200.gif\" class=\"attachment-medium_large size-medium_large wp-image-4449\" alt=\"\" \/>\t\t\t\t\t\t\t\t\t\t\t<figcaption class=\"widget-image-caption wp-caption-text\">Presidente do Conselho de Administra\u00e7\u00e3o\nEdgar Lu\u00eds Sim\u00f5es Valles<\/figcaption>\n\t\t\t\t\t\t\t\t\t\t<\/figure>\n\t\t\t\t\t\t\t\t\t<\/div>\n\t\t\t\t<\/div>\n\t\t\t\t\t<\/div>\n\t\t<\/div>\n\t\t\t\t<div class=\"aux-parallax-section elementor-column elementor-col-33 elementor-top-column elementor-element elementor-element-d69f80f\" data-id=\"d69f80f\" data-element_type=\"column\">\n\t\t\t<div class=\"elementor-widget-wrap elementor-element-populated\">\n\t\t\t\t\t\t<div class=\"elementor-element elementor-element-e349aef elementor-widget elementor-widget-image\" data-id=\"e349aef\" data-element_type=\"widget\" data-widget_type=\"image.default\">\n\t\t\t\t<div class=\"elementor-widget-container\">\n\t\t\t\t\t\t\t\t\t\t\t\t<figure class=\"wp-caption\">\n\t\t\t\t\t\t\t\t\t\t<img decoding=\"async\" src=\"https:\/\/www.simar-louresodivelas.pt\/wp-content\/uploads\/elementor\/thumbs\/Coralia-1-qcaociiapl0hto8hjyta2q3xmkyowp6dtwzn2qff5k.jpg\" title=\"Cor\u00e1lia\" alt=\"Vogal do Conselho de Administra\u00e7\u00e3o pelo Munic\u00edpio de Odivelas\nCor\u00e1lia Vi\u00e7oso da Concei\u00e7\u00e3o Afonso Rodrigues\" loading=\"lazy\" \/>\t\t\t\t\t\t\t\t\t\t\t<figcaption class=\"widget-image-caption wp-caption-text\">Vogal do Conselho de Administra\u00e7\u00e3o pelo Munic\u00edpio de Odivelas\nCor\u00e1lia Vi\u00e7oso da Concei\u00e7\u00e3o Afonso Rodrigues<\/figcaption>\n\t\t\t\t\t\t\t\t\t\t<\/figure>\n\t\t\t\t\t\t\t\t\t<\/div>\n\t\t\t\t<\/div>\n\t\t\t\t\t<\/div>\n\t\t<\/div>\n\t\t\t\t<div class=\"aux-parallax-section elementor-column elementor-col-33 elementor-top-column elementor-element elementor-element-5b6e91d\" data-id=\"5b6e91d\" data-element_type=\"column\">\n\t\t\t<div class=\"elementor-widget-wrap elementor-element-populated\">\n\t\t\t\t\t\t<div class=\"elementor-element elementor-element-ee95afd elementor-widget elementor-widget-image\" data-id=\"ee95afd\" data-element_type=\"widget\" data-widget_type=\"image.default\">\n\t\t\t\t<div class=\"elementor-widget-container\">\n\t\t\t\t\t\t\t\t\t\t\t\t<figure class=\"wp-caption\">\n\t\t\t\t\t\t\t\t\t\t<img decoding=\"async\" src=\"https:\/\/www.simar-louresodivelas.pt\/wp-content\/uploads\/elementor\/thumbs\/Susana-qcao2hk9t7adzess3msjh96ximdqsxdggah6shaliw.jpg\" title=\"Susana\" alt=\"Vogal do Conselho de Administra\u00e7\u00e3o pelo Munic\u00edpio de Loures\n\nSusana Marina Prud\u00eancio Campos de Oliveira\" loading=\"lazy\" \/>\t\t\t\t\t\t\t\t\t\t\t<figcaption class=\"widget-image-caption wp-caption-text\">Vogal do Conselho de Administra\u00e7\u00e3o pelo Munic\u00edpio de Loures\n\nSusana Marina Prud\u00eancio Campos de Oliveira\n<\/figcaption>\n\t\t\t\t\t\t\t\t\t\t<\/figure>\n\t\t\t\t\t\t\t\t\t<\/div>\n\t\t\t\t<\/div>\n\t\t\t\t\t<\/div>\n\t\t<\/div>\n\t\t\t\t\t<\/div>\n\t\t<\/section>\n\t\t\t\t<\/div>\n\t\t","protected":false},"excerpt":{"rendered":"<p>Tomou posse novo Conselho de Administra\u00e7\u00e3o dos SIMAR &nbsp;O novo Conselho de Administra\u00e7\u00e3o dos SIMAR, atualmente, sob a presid\u00eancia do munic\u00edpio de Odivelas, foi apresentado, ontem, dia 2 de maio. &nbsp;Nos pr\u00f3ximos 18 meses, Edgar Valles, Vice-Presidente da C\u00e2mara Municipal de Odivelas, presidir\u00e1 o Conselho de Administra\u00e7\u00e3o dos SIMAR. &nbsp;Cor\u00e1lia Vi\u00e7oso Rodrigues tomou posse como [&hellip;]<\/p>\n","protected":false},"author":1,"featured_media":1143,"comment_status":"closed","ping_status":"open","sticky":false,"template":"","format":"standard","meta":{"_monsterinsights_skip_tracking":false,"_monsterinsights_sitenote_active":false,"_monsterinsights_sitenote_note":"","_monsterinsights_sitenote_category":0,"_uf_show_specific_survey":0,"_uf_disable_surveys":false,"footnotes":""},"categories":[15],"tags":[],"class_list":["post-977","post","type-post","status-publish","format-standard","has-post-thumbnail","hentry","category-historico"],"aioseo_notices":[],"_links":{"self":[{"href":"https:\/\/www.simar-louresodivelas.pt\/index.php\/wp-json\/wp\/v2\/posts\/977","targetHints":{"allow":["GET"]}}],"collection":[{"href":"https:\/\/www.simar-louresodivelas.pt\/index.php\/wp-json\/wp\/v2\/posts"}],"about":[{"href":"https:\/\/www.simar-louresodivelas.pt\/index.php\/wp-json\/wp\/v2\/types\/post"}],"author":[{"embeddable":true,"href":"https:\/\/www.simar-louresodivelas.pt\/index.php\/wp-json\/wp\/v2\/users\/1"}],"replies":[{"embeddable":true,"href":"https:\/\/www.simar-louresodivelas.pt\/index.php\/wp-json\/wp\/v2\/comments?post=977"}],"version-history":[{"count":9,"href":"https:\/\/www.simar-louresodivelas.pt\/index.php\/wp-json\/wp\/v2\/posts\/977\/revisions"}],"predecessor-version":[{"id":22652,"href":"https:\/\/www.simar-louresodivelas.pt\/index.php\/wp-json\/wp\/v2\/posts\/977\/revisions\/22652"}],"wp:featuredmedia":[{"embeddable":true,"href":"https:\/\/www.simar-louresodivelas.pt\/index.php\/wp-json\/wp\/v2\/media\/1143"}],"wp:attachment":[{"href":"https:\/\/www.simar-louresodivelas.pt\/index.php\/wp-json\/wp\/v2\/media?parent=977"}],"wp:term":[{"taxonomy":"category","embeddable":true,"href":"https:\/\/www.simar-louresodivelas.pt\/index.php\/wp-json\/wp\/v2\/categories?post=977"},{"taxonomy":"post_tag","embeddable":true,"href":"https:\/\/www.simar-louresodivelas.pt\/index.php\/wp-json\/wp\/v2\/tags?post=977"}],"curies":[{"name":"wp","href":"https:\/\/api.w.org\/{rel}","templated":true}]}}