{"id":42226,"date":"2026-04-30T10:29:43","date_gmt":"2026-04-30T10:29:43","guid":{"rendered":"https:\/\/www.simar-louresodivelas.pt\/?p=42226"},"modified":"2026-04-30T10:36:49","modified_gmt":"2026-04-30T10:36:49","slug":"constrangimentos-na-recolha-de-residuos-urbanos-dia-1-de-maio","status":"publish","type":"post","link":"https:\/\/www.simar-louresodivelas.pt\/index.php\/arquivo\/42226","title":{"rendered":"CONSTRANGIMENTOS  NA RECOLHA DE RES\u00cdDUOS URBANOS &#8211; DIA 1 DE MAIO"},"content":{"rendered":"\t\t<div data-elementor-type=\"wp-post\" data-elementor-id=\"42226\" class=\"elementor elementor-42226\">\n\t\t\t\t\t\t<section class=\"elementor-section elementor-top-section elementor-element elementor-element-144d4e57 elementor-section-boxed elementor-section-height-default elementor-section-height-default\" data-id=\"144d4e57\" data-element_type=\"section\">\n\t\t\t\t\t\t<div class=\"elementor-container elementor-column-gap-default\">\n\t\t\t\t\t<div class=\"aux-parallax-section elementor-column elementor-col-100 elementor-top-column elementor-element elementor-element-1f6d7abe\" data-id=\"1f6d7abe\" data-element_type=\"column\">\n\t\t\t<div class=\"elementor-widget-wrap elementor-element-populated\">\n\t\t\t\t\t\t<div class=\"elementor-element elementor-element-53891d6f elementor-widget elementor-widget-text-editor\" data-id=\"53891d6f\" data-element_type=\"widget\" data-widget_type=\"text-editor.default\">\n\t\t\t\t<div class=\"elementor-widget-container\">\n\t\t\t\t\t\t\t\t\t<p>Considerando o feriado do dia 1 de maio, os SIMAR de Loures e Odivelas informam que, neste dia, n\u00e3o haver\u00e1 recolha de res\u00edduos urbanos.<\/p><p>\u00a0<\/p><p>Os SIMAR desenvolver\u00e3o todos os esfor\u00e7os para a r\u00e1pida reposi\u00e7\u00e3o da normalidade na recolha dos res\u00edduos e atividades complementares, no entanto, contamos com todos para manter os nossos concelhos mais limpos.<\/p><p>\u00a0<\/p><p>Agradecemos a colabora\u00e7\u00e3o para o correto acondicionamento dos res\u00edduos nos contentores.<\/p><p>\u00a0<\/p><p>Cidade Limpa \u00e9 Responsabilidade de Todos!<\/p><p>\u00a0<\/p>\t\t\t\t\t\t\t\t<\/div>\n\t\t\t\t<\/div>\n\t\t\t\t\t<\/div>\n\t\t<\/div>\n\t\t\t\t\t<\/div>\n\t\t<\/section>\n\t\t\t\t<\/div>\n\t\t","protected":false},"excerpt":{"rendered":"<p>Considerando o feriado do dia 1 de maio, os SIMAR de Loures e Odivelas informam que, neste dia, n\u00e3o haver\u00e1 recolha de res\u00edduos urbanos. \u00a0 Os SIMAR desenvolver\u00e3o todos os esfor\u00e7os para a r\u00e1pida reposi\u00e7\u00e3o da normalidade na recolha dos res\u00edduos e atividades complementares, no entanto, contamos com todos para manter os nossos concelhos mais [&hellip;]<\/p>\n","protected":false},"author":8,"featured_media":42225,"comment_status":"closed","ping_status":"open","sticky":false,"template":"","format":"standard","meta":{"_monsterinsights_skip_tracking":false,"_monsterinsights_sitenote_active":false,"_monsterinsights_sitenote_note":"","_monsterinsights_sitenote_category":0,"_uf_show_specific_survey":0,"_uf_disable_surveys":false,"footnotes":""},"categories":[1],"tags":[],"class_list":["post-42226","post","type-post","status-publish","format-standard","has-post-thumbnail","hentry","category-noticias"],"aioseo_notices":[],"_links":{"self":[{"href":"https:\/\/www.simar-louresodivelas.pt\/index.php\/wp-json\/wp\/v2\/posts\/42226","targetHints":{"allow":["GET"]}}],"collection":[{"href":"https:\/\/www.simar-louresodivelas.pt\/index.php\/wp-json\/wp\/v2\/posts"}],"about":[{"href":"https:\/\/www.simar-louresodivelas.pt\/index.php\/wp-json\/wp\/v2\/types\/post"}],"author":[{"embeddable":true,"href":"https:\/\/www.simar-louresodivelas.pt\/index.php\/wp-json\/wp\/v2\/users\/8"}],"replies":[{"embeddable":true,"href":"https:\/\/www.simar-louresodivelas.pt\/index.php\/wp-json\/wp\/v2\/comments?post=42226"}],"version-history":[{"count":4,"href":"https:\/\/www.simar-louresodivelas.pt\/index.php\/wp-json\/wp\/v2\/posts\/42226\/revisions"}],"predecessor-version":[{"id":42230,"href":"https:\/\/www.simar-louresodivelas.pt\/index.php\/wp-json\/wp\/v2\/posts\/42226\/revisions\/42230"}],"wp:featuredmedia":[{"embeddable":true,"href":"https:\/\/www.simar-louresodivelas.pt\/index.php\/wp-json\/wp\/v2\/media\/42225"}],"wp:attachment":[{"href":"https:\/\/www.simar-louresodivelas.pt\/index.php\/wp-json\/wp\/v2\/media?parent=42226"}],"wp:term":[{"taxonomy":"category","embeddable":true,"href":"https:\/\/www.simar-louresodivelas.pt\/index.php\/wp-json\/wp\/v2\/categories?post=42226"},{"taxonomy":"post_tag","embeddable":true,"href":"https:\/\/www.simar-louresodivelas.pt\/index.php\/wp-json\/wp\/v2\/tags?post=42226"}],"curies":[{"name":"wp","href":"https:\/\/api.w.org\/{rel}","templated":true}]}}