{"id":42204,"date":"2026-04-30T07:59:26","date_gmt":"2026-04-30T07:59:26","guid":{"rendered":"https:\/\/www.simar-louresodivelas.pt\/?p=42204"},"modified":"2026-04-30T09:07:32","modified_gmt":"2026-04-30T09:07:32","slug":"simar-investem-cerca-de-1-milhao-de-euros-na-reabilitacao-urgente-da-rede-de-saneamento-em-loures-e-odivelas","status":"publish","type":"post","link":"https:\/\/www.simar-louresodivelas.pt\/index.php\/arquivo\/42204","title":{"rendered":"SIMAR INVESTEM CERCA DE 1 MILH\u00c3O DE EUROS NA REABILITA\u00c7\u00c3O URGENTE DA REDE DE SANEAMENTO EM LOURES E ODIVELAS"},"content":{"rendered":"\t\t<div data-elementor-type=\"wp-post\" data-elementor-id=\"42204\" class=\"elementor elementor-42204\">\n\t\t\t\t\t\t<section class=\"elementor-section elementor-top-section elementor-element elementor-element-a8533ce elementor-section-boxed elementor-section-height-default elementor-section-height-default\" data-id=\"a8533ce\" data-element_type=\"section\">\n\t\t\t\t\t\t<div class=\"elementor-container elementor-column-gap-default\">\n\t\t\t\t\t<div class=\"aux-parallax-section elementor-column elementor-col-100 elementor-top-column elementor-element elementor-element-d48b9b4\" data-id=\"d48b9b4\" data-element_type=\"column\">\n\t\t\t<div class=\"elementor-widget-wrap elementor-element-populated\">\n\t\t\t\t\t\t<div class=\"elementor-element elementor-element-5bdb32f elementor-widget elementor-widget-text-editor\" data-id=\"5bdb32f\" data-element_type=\"widget\" data-widget_type=\"text-editor.default\">\n\t\t\t\t<div class=\"elementor-widget-container\">\n\t\t\t\t\t\t\t\t\t<p class=\"xmsonormal\" style=\"margin: 0cm; text-align: justify; line-height: 18.35pt;\"><b><span style=\"font-family: 'Calibri Light',sans-serif; color: #212121;\">As interven\u00e7\u00f5es visam recuperar infraestruturas danificadas pelas sucessivas intemp\u00e9ries e refor\u00e7ar a resili\u00eancia do sistema de drenagem em diversas freguesias.<\/span><\/b><\/p><p class=\"xmsonormal\" style=\"margin: 0cm; text-align: justify; line-height: 18.35pt;\"><b><span style=\"font-family: 'Calibri Light',sans-serif; color: #212121;\"><br><\/span><\/b><\/p>\n<p class=\"xmsonormal\" style=\"margin: 0cm; text-align: justify; line-height: 18.35pt;\"><span style=\"font-family: 'Calibri Light',sans-serif; color: #212121;\">Os&nbsp;<b>SIMAR de Loures e Odivelas<\/b>&nbsp;t\u00eam em curso um conjunto de obras priorit\u00e1rias na rede de saneamento, num investimento que ascende a cerca de&nbsp;<b>um milh\u00e3o de euros<\/b>. Estas interven\u00e7\u00f5es foram desencadeadas para dar resposta direta aos colapsos e danos estruturais provocados pelas sucessivas intemp\u00e9ries que fustigaram os concelhos, garantindo agora uma maior seguran\u00e7a e efici\u00eancia no escoamento de \u00e1guas residuais.<\/span><\/p>\n<p class=\"xmsonormal\" style=\"margin: 0cm; text-align: justify; line-height: 18.35pt;\"><span style=\"font-family: 'Calibri Light',sans-serif; color: #212121;\">As obras abrangeram pontos nevr\u00e1lgicos dos dois concelhos, nomeadamente nas freguesias de&nbsp;<b>Cane\u00e7as, P\u00f3voa de Santo Adri\u00e3o, Camarate e Apela\u00e7\u00e3o.<\/b><\/span><\/p><p class=\"xmsonormal\" style=\"margin: 0cm; text-align: justify; line-height: 18.35pt;\"><span style=\"font-family: 'Calibri Light',sans-serif; color: #212121;\"><b><br><\/b><\/span><\/p>\n<p class=\"xmsonormal\" style=\"margin: 0cm; text-align: justify; line-height: 18.35pt;\"><span style=\"font-family: 'Calibri Light',sans-serif; color: #212121;\">Encontra-se atualmente em fase final a obra na Avenida Jos\u00e9 Afonso, na Apela\u00e7\u00e3o.<\/span><\/p>\n<p class=\"xmsonormal\" style=\"margin: 0cm; text-align: justify; line-height: 18.35pt;\"><span style=\"font-family: 'Calibri Light',sans-serif; color: #212121;\">Este plano de reabilita\u00e7\u00e3o insere-se numa estrat\u00e9gia cont\u00ednua para repor a operacionalidade da rede e refor\u00e7ar a sua resili\u00eancia perante as altera\u00e7\u00f5es clim\u00e1ticas.&nbsp;<\/span><\/p><p class=\"xmsonormal\" style=\"margin: 0cm; text-align: justify; line-height: 18.35pt;\"><span style=\"font-family: 'Calibri Light',sans-serif; color: #212121;\"><br><\/span><\/p>\n<p class=\"xmsonormal\" style=\"margin: 0cm; text-align: justify; line-height: 18.35pt;\"><span style=\"font-family: 'Calibri Light',sans-serif; color: #212121;\">O foco dos SIMAR passa por modernizar a drenagem para prevenir falhas, garantindo um servi\u00e7o mais fi\u00e1vel e sustent\u00e1vel.<\/span><\/p>\n<p class=\"xmsonormal\" style=\"margin: 0cm;\"><span style=\"font-size: 11.0pt; font-family: 'Calibri Light',sans-serif; color: #212121;\">&nbsp;<\/span><\/p>\t\t\t\t\t\t\t\t<\/div>\n\t\t\t\t<\/div>\n\t\t\t\t\t<\/div>\n\t\t<\/div>\n\t\t\t\t\t<\/div>\n\t\t<\/section>\n\t\t\t\t<section class=\"elementor-section elementor-top-section elementor-element elementor-element-c245488 elementor-section-boxed elementor-section-height-default elementor-section-height-default\" data-id=\"c245488\" data-element_type=\"section\">\n\t\t\t\t\t\t<div class=\"elementor-container elementor-column-gap-default\">\n\t\t\t\t\t<div class=\"aux-parallax-section elementor-column elementor-col-50 elementor-top-column elementor-element elementor-element-9441282\" data-id=\"9441282\" data-element_type=\"column\">\n\t\t\t<div class=\"elementor-widget-wrap elementor-element-populated\">\n\t\t\t\t\t\t<div class=\"elementor-element elementor-element-e21686b elementor-widget elementor-widget-image\" data-id=\"e21686b\" data-element_type=\"widget\" data-widget_type=\"image.default\">\n\t\t\t\t<div class=\"elementor-widget-container\">\n\t\t\t\t\t\t\t\t\t\t\t\t\t\t\t<img fetchpriority=\"high\" decoding=\"async\" width=\"1024\" height=\"1024\" src=\"https:\/\/www.simar-louresodivelas.pt\/wp-content\/uploads\/2026\/04\/Av.-Jose-Afonso_2-1024x1024.jpg\" class=\"attachment-large size-large wp-image-42212\" alt=\"\" srcset=\"https:\/\/www.simar-louresodivelas.pt\/wp-content\/uploads\/2026\/04\/Av.-Jose-Afonso_2-1024x1024.jpg 1024w, https:\/\/www.simar-louresodivelas.pt\/wp-content\/uploads\/2026\/04\/Av.-Jose-Afonso_2-300x300.jpg 300w, https:\/\/www.simar-louresodivelas.pt\/wp-content\/uploads\/2026\/04\/Av.-Jose-Afonso_2-150x150.jpg 150w, https:\/\/www.simar-louresodivelas.pt\/wp-content\/uploads\/2026\/04\/Av.-Jose-Afonso_2-768x768.jpg 768w\" sizes=\"(max-width: 1024px) 100vw, 1024px\" \/>\t\t\t\t\t\t\t\t\t\t\t\t\t\t\t<\/div>\n\t\t\t\t<\/div>\n\t\t\t\t\t<\/div>\n\t\t<\/div>\n\t\t\t\t<div class=\"aux-parallax-section elementor-column elementor-col-50 elementor-top-column elementor-element elementor-element-843d6f5\" data-id=\"843d6f5\" data-element_type=\"column\">\n\t\t\t<div class=\"elementor-widget-wrap elementor-element-populated\">\n\t\t\t\t\t\t<div class=\"elementor-element elementor-element-19e5de5 elementor-widget elementor-widget-image\" data-id=\"19e5de5\" data-element_type=\"widget\" data-widget_type=\"image.default\">\n\t\t\t\t<div class=\"elementor-widget-container\">\n\t\t\t\t\t\t\t\t\t\t\t\t\t\t\t<img decoding=\"async\" width=\"1024\" height=\"1024\" src=\"https:\/\/www.simar-louresodivelas.pt\/wp-content\/uploads\/2026\/04\/Av.-Jose-Afonso-1024x1024.jpg\" class=\"attachment-large size-large wp-image-42213\" alt=\"\" srcset=\"https:\/\/www.simar-louresodivelas.pt\/wp-content\/uploads\/2026\/04\/Av.-Jose-Afonso-1024x1024.jpg 1024w, https:\/\/www.simar-louresodivelas.pt\/wp-content\/uploads\/2026\/04\/Av.-Jose-Afonso-300x300.jpg 300w, https:\/\/www.simar-louresodivelas.pt\/wp-content\/uploads\/2026\/04\/Av.-Jose-Afonso-150x150.jpg 150w, https:\/\/www.simar-louresodivelas.pt\/wp-content\/uploads\/2026\/04\/Av.-Jose-Afonso-768x768.jpg 768w\" sizes=\"(max-width: 1024px) 100vw, 1024px\" \/>\t\t\t\t\t\t\t\t\t\t\t\t\t\t\t<\/div>\n\t\t\t\t<\/div>\n\t\t\t\t\t<\/div>\n\t\t<\/div>\n\t\t\t\t\t<\/div>\n\t\t<\/section>\n\t\t\t\t<\/div>\n\t\t","protected":false},"excerpt":{"rendered":"<p>As interven\u00e7\u00f5es visam recuperar infraestruturas danificadas pelas sucessivas intemp\u00e9ries e refor\u00e7ar a resili\u00eancia do sistema de drenagem em diversas freguesias. Os&nbsp;SIMAR de Loures e Odivelas&nbsp;t\u00eam em curso um conjunto de obras priorit\u00e1rias na rede de saneamento, num investimento que ascende a cerca de&nbsp;um milh\u00e3o de euros. Estas interven\u00e7\u00f5es foram desencadeadas para dar resposta direta aos [&hellip;]<\/p>\n","protected":false},"author":9,"featured_media":42205,"comment_status":"closed","ping_status":"open","sticky":false,"template":"","format":"standard","meta":{"_monsterinsights_skip_tracking":false,"_monsterinsights_sitenote_active":false,"_monsterinsights_sitenote_note":"","_monsterinsights_sitenote_category":0,"_uf_show_specific_survey":0,"_uf_disable_surveys":false,"footnotes":""},"categories":[15,1],"tags":[],"class_list":["post-42204","post","type-post","status-publish","format-standard","has-post-thumbnail","hentry","category-historico","category-noticias"],"aioseo_notices":[],"_links":{"self":[{"href":"https:\/\/www.simar-louresodivelas.pt\/index.php\/wp-json\/wp\/v2\/posts\/42204","targetHints":{"allow":["GET"]}}],"collection":[{"href":"https:\/\/www.simar-louresodivelas.pt\/index.php\/wp-json\/wp\/v2\/posts"}],"about":[{"href":"https:\/\/www.simar-louresodivelas.pt\/index.php\/wp-json\/wp\/v2\/types\/post"}],"author":[{"embeddable":true,"href":"https:\/\/www.simar-louresodivelas.pt\/index.php\/wp-json\/wp\/v2\/users\/9"}],"replies":[{"embeddable":true,"href":"https:\/\/www.simar-louresodivelas.pt\/index.php\/wp-json\/wp\/v2\/comments?post=42204"}],"version-history":[{"count":8,"href":"https:\/\/www.simar-louresodivelas.pt\/index.php\/wp-json\/wp\/v2\/posts\/42204\/revisions"}],"predecessor-version":[{"id":42214,"href":"https:\/\/www.simar-louresodivelas.pt\/index.php\/wp-json\/wp\/v2\/posts\/42204\/revisions\/42214"}],"wp:featuredmedia":[{"embeddable":true,"href":"https:\/\/www.simar-louresodivelas.pt\/index.php\/wp-json\/wp\/v2\/media\/42205"}],"wp:attachment":[{"href":"https:\/\/www.simar-louresodivelas.pt\/index.php\/wp-json\/wp\/v2\/media?parent=42204"}],"wp:term":[{"taxonomy":"category","embeddable":true,"href":"https:\/\/www.simar-louresodivelas.pt\/index.php\/wp-json\/wp\/v2\/categories?post=42204"},{"taxonomy":"post_tag","embeddable":true,"href":"https:\/\/www.simar-louresodivelas.pt\/index.php\/wp-json\/wp\/v2\/tags?post=42204"}],"curies":[{"name":"wp","href":"https:\/\/api.w.org\/{rel}","templated":true}]}}