{"id":42128,"date":"2026-04-28T10:06:27","date_gmt":"2026-04-28T10:06:27","guid":{"rendered":"https:\/\/www.simar-louresodivelas.pt\/?p=42128"},"modified":"2026-04-28T14:21:48","modified_gmt":"2026-04-28T14:21:48","slug":"servicos-dos-simar-prestados-a-partir-de-hoje-nos-espacos-cidadao-de-santo-antonio-dos-cavaleiros-e-de-frielas","status":"publish","type":"post","link":"https:\/\/www.simar-louresodivelas.pt\/index.php\/arquivo\/42128","title":{"rendered":"SERVI\u00c7OS DOS SIMAR PRESTADOS, A PARTIR DE HOJE, NOS ESPA\u00c7OS CIDAD\u00c3O DE SANTO ANT\u00d3NIO DOS CAVALEIROS E DE FRIELAS"},"content":{"rendered":"\t\t<div data-elementor-type=\"wp-post\" data-elementor-id=\"42128\" class=\"elementor elementor-42128\">\n\t\t\t\t\t\t<section class=\"elementor-section elementor-top-section elementor-element elementor-element-0f3a6b3 elementor-section-boxed elementor-section-height-default elementor-section-height-default\" data-id=\"0f3a6b3\" data-element_type=\"section\">\n\t\t\t\t\t\t<div class=\"elementor-container elementor-column-gap-default\">\n\t\t\t\t\t<div class=\"aux-parallax-section elementor-column elementor-col-100 elementor-top-column elementor-element elementor-element-e796502\" data-id=\"e796502\" data-element_type=\"column\">\n\t\t\t<div class=\"elementor-widget-wrap elementor-element-populated\">\n\t\t\t\t\t\t<div class=\"elementor-element elementor-element-93bb39b elementor-widget__width-initial elementor-widget elementor-widget-text-editor\" data-id=\"93bb39b\" data-element_type=\"widget\" data-widget_type=\"text-editor.default\">\n\t\t\t\t<div class=\"elementor-widget-container\">\n\t\t\t\t\t\t\t\t\t<p class=\"xmsonormal\" style=\"margin-left: 35.4pt;\"><span style=\"font-size: 11.0pt; font-family: 'Abadi',sans-serif;\">Os SIMAR de Loures e Odivelas deram mais um passo na moderniza\u00e7\u00e3o e na proximidade ao celebrar um protocolo de coopera\u00e7\u00e3o com a Uni\u00e3o de Freguesias de Santo Ant\u00f3nio dos Cavaleiros e Frielas. Esta parceria permite que os Espa\u00e7os do Cidad\u00e3o da freguesia disponibilizem diversos Servi\u00e7os aos utentes, evitando desloca\u00e7\u00f5es desnecess\u00e1rias aos balc\u00f5es de atendimento dos SIMAR.<\/span><\/p><p class=\"xmsonormal\" style=\"margin-left: 35.4pt;\"><span style=\"font-size: 11.0pt; font-family: 'Abadi',sans-serif;\">Nuno Leit\u00e3o, Presidente do Conselho de Administra\u00e7\u00e3o dos SIMAR, presidiu a cerim\u00f3nia de assinatura do protocolo e referiu que <b><i>&#8220;Queremos que os cidad\u00e3os encontrem solu\u00e7\u00f5es simples e acess\u00edveis para tratar dos seus assuntos com os SIMAR.&#8221;<\/i><\/b><i> <\/i>Refor\u00e7ou ainda que<i> <b>&#8220;Mais do que um protocolo, esta \u00e9 uma aposta clara na valoriza\u00e7\u00e3o da rela\u00e7\u00e3o com os clientes.&#8221;<\/b><\/i><b>\u00a0<\/b><\/span><\/p><p class=\"xmsonormal\" style=\"margin-left: 35.4pt;\"><span style=\"font-size: 11.0pt; font-family: 'Abadi',sans-serif;\">Esteve tamb\u00e9m presente Jorge Silva, Presidente da Uni\u00e3o de Freguesias de Santo Ant\u00f3nio dos Cavaleiros e Frielas, que congratulou a iniciativa.<\/span><\/p><p class=\"xmsonormal\" style=\"margin-left: 35.4pt;\"><span style=\"font-size: 11.0pt; font-family: 'Abadi',sans-serif;\">Entre os servi\u00e7os disponibilizados nos Espa\u00e7os Cidad\u00e3o de Santo Ant\u00f3nio dos Cavaleiros e de Frielas, destacam-se:<\/span><\/p><p class=\"xmsonormal\" style=\"margin-left: 35.4pt;\"><span style=\"font-size: 11.0pt; font-family: 'Abadi',sans-serif;\">&#8211; Pagamento de faturas e avisos de corte;<\/span><\/p><p class=\"xmsonormal\" style=\"margin-left: 35.4pt;\"><span style=\"font-size: 11.0pt; font-family: 'Abadi',sans-serif;\">&#8211; Pedido de restabelecimento do fornecimento de \u00e1gua;<\/span><\/p><p class=\"xmsonormal\" style=\"margin-left: 35.4pt;\"><span style=\"font-size: 11.0pt; font-family: 'Abadi',sans-serif;\">&#8211; Atualiza\u00e7\u00e3o de dados de cliente;<\/span><\/p><p class=\"xmsonormal\" style=\"margin-left: 35.4pt;\"><span style=\"font-size: 11.0pt; font-family: 'Abadi',sans-serif;\">&#8211; Ades\u00e3o \u00e0 fatura eletr\u00f3nica;<\/span><\/p><p class=\"xmsonormal\" style=\"margin-left: 35.4pt;\"><span style=\"font-size: 11.0pt; font-family: 'Abadi',sans-serif;\">&#8211; Ades\u00e3o \u00e0 fatura bimestral;<\/span><\/p><p class=\"xmsonormal\" style=\"margin-left: 35.4pt;\"><span style=\"font-size: 11.0pt; font-family: 'Abadi',sans-serif;\">&#8211; Comunica\u00e7\u00e3o de leituras de contador;<\/span><\/p><p class=\"xmsonormal\" style=\"margin-left: 35.4pt;\"><span style=\"font-size: 11.0pt; font-family: 'Abadi',sans-serif;\">&#8211; Apresenta\u00e7\u00e3o de exposi\u00e7\u00f5es dirigidas aos SIMAR.<\/span><\/p><p class=\"xmsonormal\" style=\"margin-left: 35.4pt;\"><span style=\"font-size: 11.0pt; font-family: 'Abadi',sans-serif;\">Recordamos que os Espa\u00e7os Cidad\u00e3o est\u00e3o abertos nos dias \u00fateis das 9h \u00e0s 13h e das 14h \u00e0s 17h.\u00a0<\/span><\/p><p class=\"xmsonormal\" style=\"margin-left: 35.4pt;\"><span style=\"font-size: 11.0pt; font-family: 'Abadi',sans-serif;\">\u00a0Est\u00e3o localizados em:<\/span><\/p><p class=\"xmsonormal\" style=\"margin-left: 35.4pt;\"><span style=\"font-size: 11.0pt; font-family: 'Abadi',sans-serif;\">&#8211; Largo Francisco Morais, junto aos CTT, em Santo Ant\u00f3nio dos Cavaleiros<\/span><\/p><p class=\"xmsonormal\" style=\"margin-left: 35.4pt;\"><span style=\"font-size: 11.0pt; font-family: 'Abadi',sans-serif;\">&#8211; Largo Capit\u00e3o Oliveira Mata, n\u00ba9 em Frielas<\/span><\/p><p class=\"xmsonormal\" style=\"margin-left: 35.4pt;\"><span style=\"font-size: 11.0pt; font-family: 'Abadi',sans-serif;\">Refor\u00e7amos o nosso compromisso com um servi\u00e7o p\u00fablico mais pr\u00f3ximo, eficiente e orientado para as necessidades dos cidad\u00e3os.<\/span><\/p>\t\t\t\t\t\t\t\t<\/div>\n\t\t\t\t<\/div>\n\t\t\t\t\t<\/div>\n\t\t<\/div>\n\t\t\t\t\t<\/div>\n\t\t<\/section>\n\t\t\t\t<\/div>\n\t\t","protected":false},"excerpt":{"rendered":"<p>Os SIMAR de Loures e Odivelas deram mais um passo na moderniza\u00e7\u00e3o e na proximidade ao celebrar um protocolo de coopera\u00e7\u00e3o com a Uni\u00e3o de Freguesias de Santo Ant\u00f3nio dos Cavaleiros e Frielas. Esta parceria permite que os Espa\u00e7os do Cidad\u00e3o da freguesia disponibilizem diversos Servi\u00e7os aos utentes, evitando desloca\u00e7\u00f5es desnecess\u00e1rias aos balc\u00f5es de atendimento [&hellip;]<\/p>\n","protected":false},"author":9,"featured_media":42143,"comment_status":"closed","ping_status":"open","sticky":false,"template":"","format":"standard","meta":{"_monsterinsights_skip_tracking":false,"_monsterinsights_sitenote_active":false,"_monsterinsights_sitenote_note":"","_monsterinsights_sitenote_category":0,"_uf_show_specific_survey":0,"_uf_disable_surveys":false,"footnotes":""},"categories":[32,1],"tags":[],"class_list":["post-42128","post","type-post","status-publish","format-standard","has-post-thumbnail","hentry","category-avisos-a-populacao","category-noticias"],"aioseo_notices":[],"_links":{"self":[{"href":"https:\/\/www.simar-louresodivelas.pt\/index.php\/wp-json\/wp\/v2\/posts\/42128","targetHints":{"allow":["GET"]}}],"collection":[{"href":"https:\/\/www.simar-louresodivelas.pt\/index.php\/wp-json\/wp\/v2\/posts"}],"about":[{"href":"https:\/\/www.simar-louresodivelas.pt\/index.php\/wp-json\/wp\/v2\/types\/post"}],"author":[{"embeddable":true,"href":"https:\/\/www.simar-louresodivelas.pt\/index.php\/wp-json\/wp\/v2\/users\/9"}],"replies":[{"embeddable":true,"href":"https:\/\/www.simar-louresodivelas.pt\/index.php\/wp-json\/wp\/v2\/comments?post=42128"}],"version-history":[{"count":13,"href":"https:\/\/www.simar-louresodivelas.pt\/index.php\/wp-json\/wp\/v2\/posts\/42128\/revisions"}],"predecessor-version":[{"id":42149,"href":"https:\/\/www.simar-louresodivelas.pt\/index.php\/wp-json\/wp\/v2\/posts\/42128\/revisions\/42149"}],"wp:featuredmedia":[{"embeddable":true,"href":"https:\/\/www.simar-louresodivelas.pt\/index.php\/wp-json\/wp\/v2\/media\/42143"}],"wp:attachment":[{"href":"https:\/\/www.simar-louresodivelas.pt\/index.php\/wp-json\/wp\/v2\/media?parent=42128"}],"wp:term":[{"taxonomy":"category","embeddable":true,"href":"https:\/\/www.simar-louresodivelas.pt\/index.php\/wp-json\/wp\/v2\/categories?post=42128"},{"taxonomy":"post_tag","embeddable":true,"href":"https:\/\/www.simar-louresodivelas.pt\/index.php\/wp-json\/wp\/v2\/tags?post=42128"}],"curies":[{"name":"wp","href":"https:\/\/api.w.org\/{rel}","templated":true}]}}