{"id":42064,"date":"2026-04-27T07:01:43","date_gmt":"2026-04-27T07:01:43","guid":{"rendered":"https:\/\/www.simar-louresodivelas.pt\/?p=42064"},"modified":"2026-04-27T07:01:45","modified_gmt":"2026-04-27T07:01:45","slug":"interrupcao-no-abastecimento-de-agua-dia-29-e-30-de-abril-serra-da-amoreira-ramada","status":"publish","type":"post","link":"https:\/\/www.simar-louresodivelas.pt\/index.php\/arquivo\/42064","title":{"rendered":"INTERRUP\u00c7\u00c3O NO ABASTECIMENTO DE \u00c1GUA DIA 29 E 30 DE ABRIL &#8211; SERRA DA AMOREIRA-  RAMADA"},"content":{"rendered":"\t\t<div data-elementor-type=\"wp-post\" data-elementor-id=\"42064\" class=\"elementor elementor-42064\">\n\t\t\t\t\t\t<section class=\"elementor-section elementor-top-section elementor-element elementor-element-0f3a6b3 elementor-section-boxed elementor-section-height-default elementor-section-height-default\" data-id=\"0f3a6b3\" data-element_type=\"section\">\n\t\t\t\t\t\t<div class=\"elementor-container elementor-column-gap-default\">\n\t\t\t\t\t<div class=\"aux-parallax-section elementor-column elementor-col-100 elementor-top-column elementor-element elementor-element-e796502\" data-id=\"e796502\" data-element_type=\"column\">\n\t\t\t<div class=\"elementor-widget-wrap elementor-element-populated\">\n\t\t\t\t\t\t<div class=\"elementor-element elementor-element-93bb39b elementor-widget__width-initial elementor-widget elementor-widget-text-editor\" data-id=\"93bb39b\" data-element_type=\"widget\" data-widget_type=\"text-editor.default\">\n\t\t\t\t<div class=\"elementor-widget-container\">\n\t\t\t\t\t\t\t\t\t<p>Na sequ\u00eancia de realiza\u00e7\u00e3o de trabalhos na rede de abastecimento de \u00e1gua na Rua do Poder Local, na Ramada, informamos que:<\/p>\n<p><strong>O ABASTECIMENTO DE \u00c1GUA SER\u00c1 INTERROMPIDO, NOS SEGUINTES HOR\u00c1RIOS E LOCAIS:<\/strong><\/p>\n<ul>\n<li><strong>29 DE ABRIL, ENTRE AS 8H E AS 13H:<\/strong> Largo da Amoreira.<\/li>\n<li><strong>29 DE ABRIL, ENTRE AS 13H E AS 18H:<\/strong> Rua Adriano Correia de Oliveira.<\/li>\n<li><strong>30 DE ABRIL, ENTRE AS 8H E AS 13H:<\/strong> Rua 25 de Abril LT3, LT4, LT5, LT7, LT8, LT9, LT9A, LT10, LT10B e Rua do Poder Local N\u00ba5.<\/li>\n<li><strong>30 DE ABRIL, ENTRE AS 8H E AS 20H:<\/strong> Rua Almirante Gago Coutinho N\u00bas 30\/31, 42, 44, 46, 50, 52A, LT29, LT32, LT33, LT34.<\/li>\n<\/ul>\n<p>Estamos a trabalhar, todos os dias, para melhorar as condi\u00e7\u00f5es de abastecimento de \u00e1gua nos concelhos de Loures e Odivelas.<\/p>\n<p>Apelamos \u00e0 compreens\u00e3o de todos e lamentamos, desde j\u00e1, os transtornos causados.<\/p>\t\t\t\t\t\t\t\t<\/div>\n\t\t\t\t<\/div>\n\t\t\t\t\t<\/div>\n\t\t<\/div>\n\t\t\t\t\t<\/div>\n\t\t<\/section>\n\t\t\t\t<\/div>\n\t\t","protected":false},"excerpt":{"rendered":"<p>Na sequ\u00eancia de realiza\u00e7\u00e3o de trabalhos na rede de abastecimento de \u00e1gua na Rua do Poder Local, na Ramada, informamos que: O ABASTECIMENTO DE \u00c1GUA SER\u00c1 INTERROMPIDO, NOS SEGUINTES HOR\u00c1RIOS E LOCAIS: 29 DE ABRIL, ENTRE AS 8H E AS 13H: Largo da Amoreira. 29 DE ABRIL, ENTRE AS 13H E AS 18H: Rua Adriano [&hellip;]<\/p>\n","protected":false},"author":3,"featured_media":42065,"comment_status":"closed","ping_status":"open","sticky":false,"template":"","format":"standard","meta":{"_monsterinsights_skip_tracking":false,"_monsterinsights_sitenote_active":false,"_monsterinsights_sitenote_note":"","_monsterinsights_sitenote_category":0,"_uf_show_specific_survey":0,"_uf_disable_surveys":false,"footnotes":""},"categories":[32,1],"tags":[],"class_list":["post-42064","post","type-post","status-publish","format-standard","has-post-thumbnail","hentry","category-avisos-a-populacao","category-noticias"],"aioseo_notices":[],"_links":{"self":[{"href":"https:\/\/www.simar-louresodivelas.pt\/index.php\/wp-json\/wp\/v2\/posts\/42064","targetHints":{"allow":["GET"]}}],"collection":[{"href":"https:\/\/www.simar-louresodivelas.pt\/index.php\/wp-json\/wp\/v2\/posts"}],"about":[{"href":"https:\/\/www.simar-louresodivelas.pt\/index.php\/wp-json\/wp\/v2\/types\/post"}],"author":[{"embeddable":true,"href":"https:\/\/www.simar-louresodivelas.pt\/index.php\/wp-json\/wp\/v2\/users\/3"}],"replies":[{"embeddable":true,"href":"https:\/\/www.simar-louresodivelas.pt\/index.php\/wp-json\/wp\/v2\/comments?post=42064"}],"version-history":[{"count":4,"href":"https:\/\/www.simar-louresodivelas.pt\/index.php\/wp-json\/wp\/v2\/posts\/42064\/revisions"}],"predecessor-version":[{"id":42070,"href":"https:\/\/www.simar-louresodivelas.pt\/index.php\/wp-json\/wp\/v2\/posts\/42064\/revisions\/42070"}],"wp:featuredmedia":[{"embeddable":true,"href":"https:\/\/www.simar-louresodivelas.pt\/index.php\/wp-json\/wp\/v2\/media\/42065"}],"wp:attachment":[{"href":"https:\/\/www.simar-louresodivelas.pt\/index.php\/wp-json\/wp\/v2\/media?parent=42064"}],"wp:term":[{"taxonomy":"category","embeddable":true,"href":"https:\/\/www.simar-louresodivelas.pt\/index.php\/wp-json\/wp\/v2\/categories?post=42064"},{"taxonomy":"post_tag","embeddable":true,"href":"https:\/\/www.simar-louresodivelas.pt\/index.php\/wp-json\/wp\/v2\/tags?post=42064"}],"curies":[{"name":"wp","href":"https:\/\/api.w.org\/{rel}","templated":true}]}}