{"id":40869,"date":"2026-03-16T17:10:26","date_gmt":"2026-03-16T17:10:26","guid":{"rendered":"https:\/\/www.simar-louresodivelas.pt\/?p=40869"},"modified":"2026-04-22T08:54:25","modified_gmt":"2026-04-22T08:54:25","slug":"2000-novos-contentores-de-residuos-urbanos-na-urbanizacao-da-portela","status":"publish","type":"post","link":"https:\/\/www.simar-louresodivelas.pt\/index.php\/arquivo\/40869","title":{"rendered":"2000 NOVOS CONTENTORES DE RES\u00cdDUOS URBANOS, NA URBANIZA\u00c7\u00c3O DA PORTELA"},"content":{"rendered":"\t\t<div data-elementor-type=\"wp-post\" data-elementor-id=\"40869\" class=\"elementor elementor-40869\">\n\t\t\t\t\t\t<section class=\"elementor-section elementor-top-section elementor-element elementor-element-6dc5348 elementor-section-boxed elementor-section-height-default elementor-section-height-default\" data-id=\"6dc5348\" data-element_type=\"section\">\n\t\t\t\t\t\t<div class=\"elementor-container elementor-column-gap-default\">\n\t\t\t\t\t<div class=\"aux-parallax-section elementor-column elementor-col-100 elementor-top-column elementor-element elementor-element-ff5952b\" data-id=\"ff5952b\" data-element_type=\"column\">\n\t\t\t<div class=\"elementor-widget-wrap elementor-element-populated\">\n\t\t\t\t\t\t<div class=\"elementor-element elementor-element-8c79d97 elementor-widget elementor-widget-text-editor\" data-id=\"8c79d97\" data-element_type=\"widget\" data-widget_type=\"text-editor.default\">\n\t\t\t\t<div class=\"elementor-widget-container\">\n\t\t\t\t\t\t\t\t\t<p>A Urbaniza\u00e7\u00e3o da Portela, em Loures, recebe a partir de 16 de mar\u00e7o, uma renova\u00e7\u00e3o profunda no seu sistema de gest\u00e3o de res\u00edduos. S\u00e3o cerca de 2000 novos equipamentos destinados \u00e0 recolha porta-a-porta, abrangendo diversos fluxos.<\/p><p>Pioneira desde 2005 na separa\u00e7\u00e3o de biorres\u00edduos, a Portela reafirma-se como modelo para Loures e Odivelas.<\/p><p>O objetivo desta renova\u00e7\u00e3o \u00e9 claro: aumentar a capacidade de deposi\u00e7\u00e3o e facilitar a vida aos moradores na hora de reciclar.<\/p><p>Renova\u00e7\u00e3o do compromisso que a Portela assume desde 2005, como Urbaniza\u00e7\u00e3o Sustent\u00e1vel na separa\u00e7\u00e3o dos res\u00edduos!<\/p><p>Os SIMAR agradecem a compreens\u00e3o pelos eventuais transtornos durante a substitui\u00e7\u00e3o, lembrando que uma &#8220;Cidade Limpa \u00e9 Responsabilidade de Todos&#8221;.<\/p>\t\t\t\t\t\t\t\t<\/div>\n\t\t\t\t<\/div>\n\t\t\t\t\t<\/div>\n\t\t<\/div>\n\t\t\t\t\t<\/div>\n\t\t<\/section>\n\t\t\t\t<\/div>\n\t\t","protected":false},"excerpt":{"rendered":"<p>A Urbaniza\u00e7\u00e3o da Portela, em Loures, recebe a partir de 16 de mar\u00e7o, uma renova\u00e7\u00e3o profunda no seu sistema de gest\u00e3o de res\u00edduos. S\u00e3o cerca de 2000 novos equipamentos destinados \u00e0 recolha porta-a-porta, abrangendo diversos fluxos. Pioneira desde 2005 na separa\u00e7\u00e3o de biorres\u00edduos, a Portela reafirma-se como modelo para Loures e Odivelas. O objetivo desta [&hellip;]<\/p>\n","protected":false},"author":8,"featured_media":40860,"comment_status":"closed","ping_status":"open","sticky":false,"template":"","format":"standard","meta":{"_monsterinsights_skip_tracking":false,"_monsterinsights_sitenote_active":false,"_monsterinsights_sitenote_note":"","_monsterinsights_sitenote_category":0,"_uf_show_specific_survey":0,"_uf_disable_surveys":false,"footnotes":""},"categories":[15],"tags":[],"class_list":["post-40869","post","type-post","status-publish","format-standard","has-post-thumbnail","hentry","category-historico"],"aioseo_notices":[],"_links":{"self":[{"href":"https:\/\/www.simar-louresodivelas.pt\/index.php\/wp-json\/wp\/v2\/posts\/40869","targetHints":{"allow":["GET"]}}],"collection":[{"href":"https:\/\/www.simar-louresodivelas.pt\/index.php\/wp-json\/wp\/v2\/posts"}],"about":[{"href":"https:\/\/www.simar-louresodivelas.pt\/index.php\/wp-json\/wp\/v2\/types\/post"}],"author":[{"embeddable":true,"href":"https:\/\/www.simar-louresodivelas.pt\/index.php\/wp-json\/wp\/v2\/users\/8"}],"replies":[{"embeddable":true,"href":"https:\/\/www.simar-louresodivelas.pt\/index.php\/wp-json\/wp\/v2\/comments?post=40869"}],"version-history":[{"count":4,"href":"https:\/\/www.simar-louresodivelas.pt\/index.php\/wp-json\/wp\/v2\/posts\/40869\/revisions"}],"predecessor-version":[{"id":40873,"href":"https:\/\/www.simar-louresodivelas.pt\/index.php\/wp-json\/wp\/v2\/posts\/40869\/revisions\/40873"}],"wp:featuredmedia":[{"embeddable":true,"href":"https:\/\/www.simar-louresodivelas.pt\/index.php\/wp-json\/wp\/v2\/media\/40860"}],"wp:attachment":[{"href":"https:\/\/www.simar-louresodivelas.pt\/index.php\/wp-json\/wp\/v2\/media?parent=40869"}],"wp:term":[{"taxonomy":"category","embeddable":true,"href":"https:\/\/www.simar-louresodivelas.pt\/index.php\/wp-json\/wp\/v2\/categories?post=40869"},{"taxonomy":"post_tag","embeddable":true,"href":"https:\/\/www.simar-louresodivelas.pt\/index.php\/wp-json\/wp\/v2\/tags?post=40869"}],"curies":[{"name":"wp","href":"https:\/\/api.w.org\/{rel}","templated":true}]}}