{"id":40668,"date":"2026-03-11T14:20:26","date_gmt":"2026-03-11T14:20:26","guid":{"rendered":"https:\/\/www.simar-louresodivelas.pt\/?p=40668"},"modified":"2026-04-17T09:38:42","modified_gmt":"2026-04-17T09:38:42","slug":"os-organicos-ja-chegaram-ao-centro-de-loures","status":"publish","type":"post","link":"https:\/\/www.simar-louresodivelas.pt\/index.php\/arquivo\/40668","title":{"rendered":"OS ORG\u00c2NICOS J\u00c1 CHEGARAM AO CENTRO DE LOURES"},"content":{"rendered":"\t\t<div data-elementor-type=\"wp-post\" data-elementor-id=\"40668\" class=\"elementor elementor-40668\">\n\t\t\t\t\t\t<section class=\"elementor-section elementor-top-section elementor-element elementor-element-6db0b91f elementor-section-boxed elementor-section-height-default elementor-section-height-default\" data-id=\"6db0b91f\" data-element_type=\"section\">\n\t\t\t\t\t\t<div class=\"elementor-container elementor-column-gap-default\">\n\t\t\t\t\t<div class=\"aux-parallax-section elementor-column elementor-col-100 elementor-top-column elementor-element elementor-element-511fc166\" data-id=\"511fc166\" data-element_type=\"column\">\n\t\t\t<div class=\"elementor-widget-wrap elementor-element-populated\">\n\t\t\t\t\t\t<div class=\"elementor-element elementor-element-8eb1d59 elementor-widget elementor-widget-text-editor\" data-id=\"8eb1d59\" data-element_type=\"widget\" data-widget_type=\"text-editor.default\">\n\t\t\t\t<div class=\"elementor-widget-container\">\n\t\t\t\t\t\t\t\t\t<h4>Campanha \u201cOS ORG\u00c2NICOS DEVOLVEMOS \u00c0 NATUREZA\u201d<\/h4>\n\t\t\t\t\t\t\t\t<\/div>\n\t\t\t\t<\/div>\n\t\t\t\t\t<\/div>\n\t\t<\/div>\n\t\t\t\t\t<\/div>\n\t\t<\/section>\n\t\t\t\t<section class=\"elementor-section elementor-top-section elementor-element elementor-element-e8b9ab1 elementor-section-boxed elementor-section-height-default elementor-section-height-default\" data-id=\"e8b9ab1\" data-element_type=\"section\">\n\t\t\t\t\t\t<div class=\"elementor-container elementor-column-gap-default\">\n\t\t\t\t\t<div class=\"aux-parallax-section elementor-column elementor-col-100 elementor-top-column elementor-element elementor-element-23d500c\" data-id=\"23d500c\" data-element_type=\"column\">\n\t\t\t<div class=\"elementor-widget-wrap elementor-element-populated\">\n\t\t\t\t\t\t<div class=\"elementor-element elementor-element-ad5d744 elementor-widget elementor-widget-text-editor\" data-id=\"ad5d744\" data-element_type=\"widget\" data-widget_type=\"text-editor.default\">\n\t\t\t\t<div class=\"elementor-widget-container\">\n\t\t\t\t\t\t\t\t\t\n<p>Os restos de comida (res\u00edduos org\u00e2nicos) representam quase metade dos res\u00edduos dom\u00e9sticos produzidos nas nossas casas e traduzem-se, diariamente, em cerca de 40% do nosso caixote do lixo dom\u00e9stico.<\/p>\n\n<p>Os res\u00edduos org\u00e2nicos resultantes da prepara\u00e7\u00e3o, confe\u00e7\u00e3o e sobras de refei\u00e7\u00f5es, juntamente com os res\u00edduos de jardim, s\u00e3o biorres\u00edduos, ou seja, res\u00edduos biodegrad\u00e1veis que podem ser transformados num recurso valioso para o planeta \u2013 fertilizante 100% natural.<\/p>\n\n<p>Desta forma, estes res\u00edduos podem e devem ser reaproveitados para obten\u00e7\u00e3o de composto destinado a adubar os solos e permitir\u00e3o, tamb\u00e9m, produzir energia el\u00e9trica.<\/p>\n\n<p>Este projeto \u00e9 de extrema import\u00e2ncia, a colabora\u00e7\u00e3o de todos \u00e9 fundamental! Ao separar os restos de comida est\u00e1 a melhorar o ambiente, a aumentar a reciclagem e a gerar energia verde e composto org\u00e2nico.<\/p>\n\t\t\t\t\t\t\t\t<\/div>\n\t\t\t\t<\/div>\n\t\t\t\t\t<\/div>\n\t\t<\/div>\n\t\t\t\t\t<\/div>\n\t\t<\/section>\n\t\t\t\t<section class=\"elementor-section elementor-top-section elementor-element elementor-element-60eeb2c elementor-section-boxed elementor-section-height-default elementor-section-height-default\" data-id=\"60eeb2c\" data-element_type=\"section\">\n\t\t\t\t\t\t<div class=\"elementor-container elementor-column-gap-default\">\n\t\t\t\t\t<div class=\"aux-parallax-section elementor-column elementor-col-100 elementor-top-column elementor-element elementor-element-5a3451a\" data-id=\"5a3451a\" data-element_type=\"column\">\n\t\t\t<div class=\"elementor-widget-wrap elementor-element-populated\">\n\t\t\t\t\t\t<div class=\"elementor-element elementor-element-b110e45 elementor-widget elementor-widget-video\" data-id=\"b110e45\" data-element_type=\"widget\" data-settings=\"{&quot;youtube_url&quot;:&quot;https:\\\/\\\/youtu.be\\\/yeOM5kItmRw&quot;,&quot;video_type&quot;:&quot;youtube&quot;,&quot;controls&quot;:&quot;yes&quot;}\" data-widget_type=\"video.default\">\n\t\t\t\t<div class=\"elementor-widget-container\">\n\t\t\t\t\t\t\t<div class=\"elementor-wrapper elementor-open-inline\">\n\t\t\t<div class=\"elementor-video\"><\/div>\t\t<\/div>\n\t\t\t\t\t\t<\/div>\n\t\t\t\t<\/div>\n\t\t\t\t\t<\/div>\n\t\t<\/div>\n\t\t\t\t\t<\/div>\n\t\t<\/section>\n\t\t\t\t<section class=\"elementor-section elementor-top-section elementor-element elementor-element-6577b73 elementor-section-boxed elementor-section-height-default elementor-section-height-default\" data-id=\"6577b73\" data-element_type=\"section\">\n\t\t\t\t\t\t<div class=\"elementor-container elementor-column-gap-default\">\n\t\t\t\t\t<div class=\"aux-parallax-section elementor-column elementor-col-100 elementor-top-column elementor-element elementor-element-feafd45\" data-id=\"feafd45\" data-element_type=\"column\">\n\t\t\t<div class=\"elementor-widget-wrap elementor-element-populated\">\n\t\t\t\t\t\t<div class=\"elementor-element elementor-element-8070f35 elementor-widget elementor-widget-text-editor\" data-id=\"8070f35\" data-element_type=\"widget\" data-widget_type=\"text-editor.default\">\n\t\t\t\t<div class=\"elementor-widget-container\">\n\t\t\t\t\t\t\t\t\t<p class=\"auto-style47\"><strong>VANTAGENS DE ADES\u00c3O<\/strong><\/p>\n<p class=\"auto-style47\">\u00a0\u2022 Servi\u00e7o gratuito e simples;<\/p>\n<p class=\"auto-style47\">\u00a0\u2022 Produ\u00e7\u00e3o de um fertilizante natural que pode ser usado nas culturas agr\u00edcolas;<\/p>\n<p class=\"auto-style47\">\u2022 Poupan\u00e7a das mat\u00e9rias-primas virgens;<\/p>\n<p class=\"auto-style47\">\u2022 Economia de recursos como a \u00e1gua e energia;<\/p>\n<p class=\"auto-style47\">\u2022 Cria\u00e7\u00e3o de oportunidade de emprego;<\/p>\n<p class=\"auto-style47\">\u00a0\u2022 Mais amigo do ambiente;<\/p>\n<p class=\"auto-style47\">\u2022 Gera energia verde.<\/p>\n<p class=\"auto-style47\">\u00a0<\/p>\t\t\t\t\t\t\t\t<\/div>\n\t\t\t\t<\/div>\n\t\t\t\t\t<\/div>\n\t\t<\/div>\n\t\t\t\t\t<\/div>\n\t\t<\/section>\n\t\t\t\t<\/div>\n\t\t","protected":false},"excerpt":{"rendered":"<p>Campanha \u201cOS ORG\u00c2NICOS DEVOLVEMOS \u00c0 NATUREZA\u201d Os restos de comida (res\u00edduos org\u00e2nicos) representam quase metade dos res\u00edduos dom\u00e9sticos produzidos nas nossas casas e traduzem-se, diariamente, em cerca de 40% do nosso caixote do lixo dom\u00e9stico. Os res\u00edduos org\u00e2nicos resultantes da prepara\u00e7\u00e3o, confe\u00e7\u00e3o e sobras de refei\u00e7\u00f5es, juntamente com os res\u00edduos de jardim, s\u00e3o biorres\u00edduos, ou [&hellip;]<\/p>\n","protected":false},"author":3,"featured_media":40676,"comment_status":"closed","ping_status":"open","sticky":false,"template":"","format":"standard","meta":{"_monsterinsights_skip_tracking":false,"_monsterinsights_sitenote_active":false,"_monsterinsights_sitenote_note":"","_monsterinsights_sitenote_category":0,"_uf_show_specific_survey":0,"_uf_disable_surveys":false,"footnotes":""},"categories":[15],"tags":[],"class_list":["post-40668","post","type-post","status-publish","format-standard","has-post-thumbnail","hentry","category-historico"],"aioseo_notices":[],"_links":{"self":[{"href":"https:\/\/www.simar-louresodivelas.pt\/index.php\/wp-json\/wp\/v2\/posts\/40668","targetHints":{"allow":["GET"]}}],"collection":[{"href":"https:\/\/www.simar-louresodivelas.pt\/index.php\/wp-json\/wp\/v2\/posts"}],"about":[{"href":"https:\/\/www.simar-louresodivelas.pt\/index.php\/wp-json\/wp\/v2\/types\/post"}],"author":[{"embeddable":true,"href":"https:\/\/www.simar-louresodivelas.pt\/index.php\/wp-json\/wp\/v2\/users\/3"}],"replies":[{"embeddable":true,"href":"https:\/\/www.simar-louresodivelas.pt\/index.php\/wp-json\/wp\/v2\/comments?post=40668"}],"version-history":[{"count":10,"href":"https:\/\/www.simar-louresodivelas.pt\/index.php\/wp-json\/wp\/v2\/posts\/40668\/revisions"}],"predecessor-version":[{"id":40687,"href":"https:\/\/www.simar-louresodivelas.pt\/index.php\/wp-json\/wp\/v2\/posts\/40668\/revisions\/40687"}],"wp:featuredmedia":[{"embeddable":true,"href":"https:\/\/www.simar-louresodivelas.pt\/index.php\/wp-json\/wp\/v2\/media\/40676"}],"wp:attachment":[{"href":"https:\/\/www.simar-louresodivelas.pt\/index.php\/wp-json\/wp\/v2\/media?parent=40668"}],"wp:term":[{"taxonomy":"category","embeddable":true,"href":"https:\/\/www.simar-louresodivelas.pt\/index.php\/wp-json\/wp\/v2\/categories?post=40668"},{"taxonomy":"post_tag","embeddable":true,"href":"https:\/\/www.simar-louresodivelas.pt\/index.php\/wp-json\/wp\/v2\/tags?post=40668"}],"curies":[{"name":"wp","href":"https:\/\/api.w.org\/{rel}","templated":true}]}}