{"id":40572,"date":"2026-03-10T09:14:15","date_gmt":"2026-03-10T09:14:15","guid":{"rendered":"https:\/\/www.simar-louresodivelas.pt\/?p=40572"},"modified":"2026-04-16T09:01:02","modified_gmt":"2026-04-16T09:01:02","slug":"aplicacao-da-taxa-de-recursos-hidricos-e-taxa-de-gestao-de-residuos-2","status":"publish","type":"post","link":"https:\/\/www.simar-louresodivelas.pt\/index.php\/arquivo\/40572","title":{"rendered":"APLICA\u00c7\u00c3O DA TAXA DE RECURSOS H\u00cdDRICOS E TAXA DE GEST\u00c3O DE RES\u00cdDUOS"},"content":{"rendered":"\t\t<div data-elementor-type=\"wp-post\" data-elementor-id=\"40572\" class=\"elementor elementor-40572\">\n\t\t\t\t\t\t<section class=\"elementor-section elementor-top-section elementor-element elementor-element-df9391e elementor-section-boxed elementor-section-height-default elementor-section-height-default\" data-id=\"df9391e\" data-element_type=\"section\">\n\t\t\t\t\t\t<div class=\"elementor-container elementor-column-gap-default\">\n\t\t\t\t\t<div class=\"aux-parallax-section elementor-column elementor-col-100 elementor-top-column elementor-element elementor-element-a1a147e\" data-id=\"a1a147e\" data-element_type=\"column\">\n\t\t\t<div class=\"elementor-widget-wrap elementor-element-populated\">\n\t\t\t\t\t\t<div class=\"elementor-element elementor-element-330863d elementor-widget elementor-widget-text-editor\" data-id=\"330863d\" data-element_type=\"widget\" data-widget_type=\"text-editor.default\">\n\t\t\t\t<div class=\"elementor-widget-container\">\n\t\t\t\t\t\t\t\t\t<p>A taxa de recursos h\u00eddricos, segundo o decreto-lei n\u00ba 97\/2008 de 11 de junho, alterado e republicado pelo Decreto-Lei 46\/2017, de 03 de maio, visa compensar o benef\u00edcio que resulta da utiliza\u00e7\u00e3o privativa do dom\u00ednio p\u00fablico h\u00eddrico, o custo ambiental inerente \u00e0s atividades suscet\u00edveis de causar um impacte significativo nos recursos h\u00eddricos, bem como os custos administrativos inerentes ao planeamento, gest\u00e3o, fiscaliza\u00e7\u00e3o e garantia da quantidade e qualidade das \u00e1guas.<\/p><p>A taxa de gest\u00e3o de res\u00edduos, segundo o decreto-lei n\u00ba 178\/2006 de 05 de setembro, visa compensar os custos administrativos de acompanhamento das respetivas atividades e estimular o cumprimento dos objetivos nacionais em mat\u00e9ria de gest\u00e3o de res\u00edduos.<\/p><p>De acordo com a legisla\u00e7\u00e3o em vigor cabe \u00e0 entidade gestora a imputa\u00e7\u00e3o das referidas taxas aos consumidores finais, pelo que se informa que as mesmas ser\u00e3o aplicadas, em 2026, em valores por m3 de \u00e1gua consumida, de acordo com o seguinte:<\/p><p>\u00a0<strong>TRH -Taxa de Recursos H\u00eddricos (DL n\u00ba 97\/2008 de 11 de junho)<\/strong><\/p><p><strong>\u00a0\u00a0\u00a0\u00a0\u00a0\u00a0\u00a0\u00a0\u00a0\u00a0\u00a0 Servi\u00e7o de Abastecimento de \u00c1gua\u2026\u2026\u2026\u2026\u2026\u2026\u2026\u2026\u2026\u2026\u2026\u2026\u2026\u2026\u2026\u2026\u2026\u2026\u2026\u2026\u2026\u2026\u2026\u2026\u2026\u2026\u2026\u2026\u2026\u2026\u2026\u20260,0581\u20ac<\/strong><\/p><p><strong>\u00a0\u00a0\u00a0\u00a0\u00a0\u00a0\u00a0\u00a0\u00a0\u00a0\u00a0 Servi\u00e7o de Saneamento\u2026\u2026\u2026\u2026\u2026\u2026\u2026\u2026\u2026\u2026\u2026\u2026\u2026\u2026\u2026\u2026\u2026\u2026\u2026\u2026\u2026\u2026\u2026\u2026\u2026\u2026\u2026\u2026\u2026\u2026\u2026\u2026\u2026\u2026&#8230;\u2026\u2026..0,0466\u20ac<\/strong><\/p><p><strong>TGR \u2013 Taxa de Gest\u00e3o de Res\u00edduos (DL n\u00ba 178\/2006 de 05 de setembro)\u2026\u2026\u2026\u2026\u2026\u2026\u2026\u2026\u2026\u2026\u2026\u2026\u2026\u2026\u2026\u2026&#8230;&#8230;..0,0804\u20ac<\/strong><\/p>\t\t\t\t\t\t\t\t<\/div>\n\t\t\t\t<\/div>\n\t\t\t\t\t<\/div>\n\t\t<\/div>\n\t\t\t\t\t<\/div>\n\t\t<\/section>\n\t\t\t\t<\/div>\n\t\t","protected":false},"excerpt":{"rendered":"<p>A taxa de recursos h\u00eddricos, segundo o decreto-lei n\u00ba 97\/2008 de 11 de junho, alterado e republicado pelo Decreto-Lei 46\/2017, de 03 de maio, visa compensar o benef\u00edcio que resulta da utiliza\u00e7\u00e3o privativa do dom\u00ednio p\u00fablico h\u00eddrico, o custo ambiental inerente \u00e0s atividades suscet\u00edveis de causar um impacte significativo nos recursos h\u00eddricos, bem como os [&hellip;]<\/p>\n","protected":false},"author":3,"featured_media":27268,"comment_status":"closed","ping_status":"open","sticky":false,"template":"","format":"standard","meta":{"_monsterinsights_skip_tracking":false,"_monsterinsights_sitenote_active":false,"_monsterinsights_sitenote_note":"","_monsterinsights_sitenote_category":0,"_uf_show_specific_survey":0,"_uf_disable_surveys":false,"footnotes":""},"categories":[32],"tags":[],"class_list":["post-40572","post","type-post","status-publish","format-standard","has-post-thumbnail","hentry","category-avisos-a-populacao"],"aioseo_notices":[],"_links":{"self":[{"href":"https:\/\/www.simar-louresodivelas.pt\/index.php\/wp-json\/wp\/v2\/posts\/40572","targetHints":{"allow":["GET"]}}],"collection":[{"href":"https:\/\/www.simar-louresodivelas.pt\/index.php\/wp-json\/wp\/v2\/posts"}],"about":[{"href":"https:\/\/www.simar-louresodivelas.pt\/index.php\/wp-json\/wp\/v2\/types\/post"}],"author":[{"embeddable":true,"href":"https:\/\/www.simar-louresodivelas.pt\/index.php\/wp-json\/wp\/v2\/users\/3"}],"replies":[{"embeddable":true,"href":"https:\/\/www.simar-louresodivelas.pt\/index.php\/wp-json\/wp\/v2\/comments?post=40572"}],"version-history":[{"count":8,"href":"https:\/\/www.simar-louresodivelas.pt\/index.php\/wp-json\/wp\/v2\/posts\/40572\/revisions"}],"predecessor-version":[{"id":40589,"href":"https:\/\/www.simar-louresodivelas.pt\/index.php\/wp-json\/wp\/v2\/posts\/40572\/revisions\/40589"}],"wp:featuredmedia":[{"embeddable":true,"href":"https:\/\/www.simar-louresodivelas.pt\/index.php\/wp-json\/wp\/v2\/media\/27268"}],"wp:attachment":[{"href":"https:\/\/www.simar-louresodivelas.pt\/index.php\/wp-json\/wp\/v2\/media?parent=40572"}],"wp:term":[{"taxonomy":"category","embeddable":true,"href":"https:\/\/www.simar-louresodivelas.pt\/index.php\/wp-json\/wp\/v2\/categories?post=40572"},{"taxonomy":"post_tag","embeddable":true,"href":"https:\/\/www.simar-louresodivelas.pt\/index.php\/wp-json\/wp\/v2\/tags?post=40572"}],"curies":[{"name":"wp","href":"https:\/\/api.w.org\/{rel}","templated":true}]}}