{"id":39181,"date":"2026-01-23T15:12:31","date_gmt":"2026-01-23T15:12:31","guid":{"rendered":"https:\/\/www.simar-louresodivelas.pt\/?p=39181"},"modified":"2026-01-27T10:19:02","modified_gmt":"2026-01-27T10:19:02","slug":"interrupcao-no-abastecimento-de-agua-entre-as-9h-e-as-22h-de-dia-26-de-janeiro-ramada","status":"publish","type":"post","link":"https:\/\/www.simar-louresodivelas.pt\/index.php\/arquivo\/39181","title":{"rendered":"Interrup\u00e7\u00e3o no abastecimento de \u00e1gua entre as 9h e as 22h de dia 26 de janeiro &#8211; Ramada"},"content":{"rendered":"\t\t<div data-elementor-type=\"wp-post\" data-elementor-id=\"39181\" class=\"elementor elementor-39181\">\n\t\t\t\t\t\t<section class=\"elementor-section elementor-top-section elementor-element elementor-element-0f3a6b3 elementor-section-boxed elementor-section-height-default elementor-section-height-default\" data-id=\"0f3a6b3\" data-element_type=\"section\">\n\t\t\t\t\t\t<div class=\"elementor-container elementor-column-gap-default\">\n\t\t\t\t\t<div class=\"aux-parallax-section elementor-column elementor-col-100 elementor-top-column elementor-element elementor-element-e796502\" data-id=\"e796502\" data-element_type=\"column\">\n\t\t\t<div class=\"elementor-widget-wrap elementor-element-populated\">\n\t\t\t\t\t\t<div class=\"elementor-element elementor-element-93bb39b elementor-widget elementor-widget-text-editor\" data-id=\"93bb39b\" data-element_type=\"widget\" data-widget_type=\"text-editor.default\">\n\t\t\t\t<div class=\"elementor-widget-container\">\n\t\t\t\t\t\t\t\t\t<p>Na sequ\u00eancia de realiza\u00e7\u00e3o de trabalhos de substitui\u00e7\u00e3o de condutas de abastecimento de \u00e1gua na Ramada, informamos que:<\/p><p><strong>O ABASTECIMENTO DE \u00c1GUA SER\u00c1 INTERROMPIDO, PREVISIVELMENTE, ENTRE AS 9H E AS 22H, NO DIA 26 DE JANEIRO, NOS SEGUINTES LOCAIS:<\/strong><\/p><p><strong><span style=\"text-decoration: underline;\">BONS DIAS:<\/span><\/strong><br \/>Praceta Ferreira da Silva, Rua Marquesa D`Alorna, Rua Carolina Michaelis, Rua Bernardim Ribeiro, Rua Adelina Abranches, Rua Marqu\u00eas S\u00e1 da Bandeira, Rua Carochia, Rua Nat\u00e1lia Correia, Rua Cristiano Augusto Bram\u00e3o, Rua Alves da Costa, Rua Eng.\u00ba Jos\u00e9 Ferreira Pinto Basto, Rua Chaby Pinheiro, Rua Florbela Espanca, Rua Jo\u00e3o Villaret e Rua \u00c1lvaro de Campos.<\/p><p><br \/><span style=\"text-decoration: underline;\"><strong>CASALINHO DO OUTEIRO:<\/strong><\/span><br \/>Rua Casalinho do Outeiro.<\/p><p><br \/><span style=\"text-decoration: underline;\"><strong>RAMADA:<\/strong><\/span><br \/>Rua das Rosas, Rua dos Troviscais, Praceta General Humberto Delgado, Rua Guilherme Marconi, Rua Comandante Sacadura Cabral (n\u00fameros pares do n\u00ba6 ao n\u00ba46) e Rua Brunilde J\u00fadice.<\/p><p><span style=\"text-decoration: underline;\"><strong>SERRA DA AMOREIRA:<\/strong><\/span><br \/>Rua da Solidariedade, Rua da Juventude, Beco da Amoreira, Largo da Amoreira, Rua Almirante Gago Coutinho (n\u00fameros pares do n\u00ba16 ao n\u00ba52), Rua 25 de Abril (Lotes 3, 4, 5, 7, 8, 9, 9A, 10, 10B e 13), Rua Bento Jesus Cara\u00e7a (n\u00ba 4), Rua do Poder Local, Rua Adriano Correia Oliveira, Cal\u00e7ada Serra da Amoreira, Praceta Conc\u00f3rdia, Rua Povo de Timor e Travessa da Ajuda.<\/p><p>\u00a0<\/p><p>Estamos a trabalhar, todos os dias, para melhorar as condi\u00e7\u00f5es de abastecimento de \u00e1gua nos concelhos de Loures e Odivelas.<\/p><p><br \/>Apelamos \u00e0 compreens\u00e3o de todos e lamentamos os transtornos causados.<\/p>\t\t\t\t\t\t\t\t<\/div>\n\t\t\t\t<\/div>\n\t\t\t\t\t<\/div>\n\t\t<\/div>\n\t\t\t\t\t<\/div>\n\t\t<\/section>\n\t\t\t\t<\/div>\n\t\t","protected":false},"excerpt":{"rendered":"<p>Na sequ\u00eancia de realiza\u00e7\u00e3o de trabalhos de substitui\u00e7\u00e3o de condutas de abastecimento de \u00e1gua na Ramada, informamos que: O ABASTECIMENTO DE \u00c1GUA SER\u00c1 INTERROMPIDO, PREVISIVELMENTE, ENTRE AS 9H E AS 22H, NO DIA 26 DE JANEIRO, NOS SEGUINTES LOCAIS: BONS DIAS:Praceta Ferreira da Silva, Rua Marquesa D`Alorna, Rua Carolina Michaelis, Rua Bernardim Ribeiro, Rua Adelina [&hellip;]<\/p>\n","protected":false},"author":3,"featured_media":39184,"comment_status":"closed","ping_status":"open","sticky":false,"template":"","format":"standard","meta":{"_monsterinsights_skip_tracking":false,"_monsterinsights_sitenote_active":false,"_monsterinsights_sitenote_note":"","_monsterinsights_sitenote_category":0,"_uf_show_specific_survey":0,"_uf_disable_surveys":false,"footnotes":""},"categories":[32],"tags":[],"class_list":["post-39181","post","type-post","status-publish","format-standard","has-post-thumbnail","hentry","category-avisos-a-populacao"],"aioseo_notices":[],"_links":{"self":[{"href":"https:\/\/www.simar-louresodivelas.pt\/index.php\/wp-json\/wp\/v2\/posts\/39181","targetHints":{"allow":["GET"]}}],"collection":[{"href":"https:\/\/www.simar-louresodivelas.pt\/index.php\/wp-json\/wp\/v2\/posts"}],"about":[{"href":"https:\/\/www.simar-louresodivelas.pt\/index.php\/wp-json\/wp\/v2\/types\/post"}],"author":[{"embeddable":true,"href":"https:\/\/www.simar-louresodivelas.pt\/index.php\/wp-json\/wp\/v2\/users\/3"}],"replies":[{"embeddable":true,"href":"https:\/\/www.simar-louresodivelas.pt\/index.php\/wp-json\/wp\/v2\/comments?post=39181"}],"version-history":[{"count":4,"href":"https:\/\/www.simar-louresodivelas.pt\/index.php\/wp-json\/wp\/v2\/posts\/39181\/revisions"}],"predecessor-version":[{"id":39188,"href":"https:\/\/www.simar-louresodivelas.pt\/index.php\/wp-json\/wp\/v2\/posts\/39181\/revisions\/39188"}],"wp:featuredmedia":[{"embeddable":true,"href":"https:\/\/www.simar-louresodivelas.pt\/index.php\/wp-json\/wp\/v2\/media\/39184"}],"wp:attachment":[{"href":"https:\/\/www.simar-louresodivelas.pt\/index.php\/wp-json\/wp\/v2\/media?parent=39181"}],"wp:term":[{"taxonomy":"category","embeddable":true,"href":"https:\/\/www.simar-louresodivelas.pt\/index.php\/wp-json\/wp\/v2\/categories?post=39181"},{"taxonomy":"post_tag","embeddable":true,"href":"https:\/\/www.simar-louresodivelas.pt\/index.php\/wp-json\/wp\/v2\/tags?post=39181"}],"curies":[{"name":"wp","href":"https:\/\/api.w.org\/{rel}","templated":true}]}}