{"id":39146,"date":"2026-01-22T20:51:33","date_gmt":"2026-01-22T20:51:33","guid":{"rendered":"https:\/\/www.simar-louresodivelas.pt\/?p=39146"},"modified":"2026-02-12T16:41:51","modified_gmt":"2026-02-12T16:41:51","slug":"abatimento-de-coletor-de-aguas-residuais-cruzamento-da-rua-olivenca-com-a-rua-manuel-augusto-pacheco-e-a-rua-antero-de-quental-junto-as-financas-em-loures","status":"publish","type":"post","link":"https:\/\/www.simar-louresodivelas.pt\/index.php\/arquivo\/39146","title":{"rendered":"ABATIMENTO DE COLETOR DE \u00c1GUAS RESIDUAIS (cruzamento da Rua Oliven\u00e7a com a Rua Manuel Augusto Pacheco e a Rua Antero de Quental) junto \u00e0s Finan\u00e7as, em Loures"},"content":{"rendered":"\t\t<div data-elementor-type=\"wp-post\" data-elementor-id=\"39146\" class=\"elementor elementor-39146\">\n\t\t\t\t\t\t<section class=\"elementor-section elementor-top-section elementor-element elementor-element-0f3a6b3 elementor-section-boxed elementor-section-height-default elementor-section-height-default\" data-id=\"0f3a6b3\" data-element_type=\"section\">\n\t\t\t\t\t\t<div class=\"elementor-container elementor-column-gap-default\">\n\t\t\t\t\t<div class=\"aux-parallax-section elementor-column elementor-col-100 elementor-top-column elementor-element elementor-element-e796502\" data-id=\"e796502\" data-element_type=\"column\">\n\t\t\t<div class=\"elementor-widget-wrap elementor-element-populated\">\n\t\t\t\t\t\t<div class=\"elementor-element elementor-element-93bb39b elementor-widget elementor-widget-text-editor\" data-id=\"93bb39b\" data-element_type=\"widget\" data-widget_type=\"text-editor.default\">\n\t\t\t\t<div class=\"elementor-widget-container\">\n\t\t\t\t\t\t\t\t\t<p>Devido ao abatimento de um coletor de \u00e1guas residuais, no cruzamento da Rua Oliven\u00e7a com a Rua Manuel Augusto Pacheco e a Rua Antero de Quental, em Loures e, por motivos de seguran\u00e7a, foi necess\u00e1rio proceder a um corte tempor\u00e1rio de tr\u00e2nsito.<br \/><br \/>Informamos que os contentores de res\u00edduos urbanos, que estavam localizados na Rua Manuel Augusto Pacheco frente ao n.\u00ba 10, foram deslocados para a Rua Oliven\u00e7a, frente \u00e0 Rua Ilha da Madeira e Rua Arruda Furtado, junto ao quiosque do sapateiro. <br \/><br \/>A interven\u00e7\u00e3o de repara\u00e7\u00e3o no local ter\u00e1 in\u00edcio amanh\u00e3, sexta-feira.<br \/><br \/>Informamos tamb\u00e9m que se encontra assegurado o acesso \u00e0s garagens na \u00e1rea envolvente.<br \/><br \/>O sentido de circula\u00e7\u00e3o do tr\u00e2nsito ser\u00e1 invertido na Rua Arruda Furtado e na Rua de D\u00edli. A circula\u00e7\u00e3o ser\u00e1 restabelecida assim que estejam reunidas as condi\u00e7\u00f5es de seguran\u00e7a.<br \/><br \/><br \/>Apelamos \u00e0 compreens\u00e3o de todos para os eventuais transtornos causados por esta situa\u00e7\u00e3o.<\/p>\t\t\t\t\t\t\t\t<\/div>\n\t\t\t\t<\/div>\n\t\t\t\t\t<\/div>\n\t\t<\/div>\n\t\t\t\t\t<\/div>\n\t\t<\/section>\n\t\t\t\t<section class=\"elementor-section elementor-top-section elementor-element elementor-element-696527d elementor-section-boxed elementor-section-height-default elementor-section-height-default\" data-id=\"696527d\" data-element_type=\"section\">\n\t\t\t\t\t\t<div class=\"elementor-container elementor-column-gap-default\">\n\t\t\t\t\t<div class=\"aux-parallax-section elementor-column elementor-col-25 elementor-top-column elementor-element elementor-element-7444508\" data-id=\"7444508\" data-element_type=\"column\">\n\t\t\t<div class=\"elementor-widget-wrap\">\n\t\t\t\t\t\t\t<\/div>\n\t\t<\/div>\n\t\t\t\t<div class=\"aux-parallax-section elementor-column elementor-col-50 elementor-top-column elementor-element elementor-element-cc00874\" data-id=\"cc00874\" data-element_type=\"column\">\n\t\t\t<div class=\"elementor-widget-wrap elementor-element-populated\">\n\t\t\t\t\t\t<div class=\"elementor-element elementor-element-4a1f478 elementor-widget elementor-widget-image\" data-id=\"4a1f478\" data-element_type=\"widget\" data-widget_type=\"image.default\">\n\t\t\t\t<div class=\"elementor-widget-container\">\n\t\t\t\t\t\t\t\t\t\t\t\t\t\t\t<img fetchpriority=\"high\" decoding=\"async\" width=\"1080\" height=\"1440\" src=\"https:\/\/www.simar-louresodivelas.pt\/wp-content\/uploads\/2026\/01\/OBRAS_site_2.jpg\" class=\"attachment-full size-full wp-image-39153\" alt=\"\" \/>\t\t\t\t\t\t\t\t\t\t\t\t\t\t\t<\/div>\n\t\t\t\t<\/div>\n\t\t\t\t\t<\/div>\n\t\t<\/div>\n\t\t\t\t<div class=\"aux-parallax-section elementor-column elementor-col-25 elementor-top-column elementor-element elementor-element-0f2b90c\" data-id=\"0f2b90c\" data-element_type=\"column\">\n\t\t\t<div class=\"elementor-widget-wrap\">\n\t\t\t\t\t\t\t<\/div>\n\t\t<\/div>\n\t\t\t\t\t<\/div>\n\t\t<\/section>\n\t\t\t\t<\/div>\n\t\t","protected":false},"excerpt":{"rendered":"<p>Devido ao abatimento de um coletor de \u00e1guas residuais, no cruzamento da Rua Oliven\u00e7a com a Rua Manuel Augusto Pacheco e a Rua Antero de Quental, em Loures e, por motivos de seguran\u00e7a, foi necess\u00e1rio proceder a um corte tempor\u00e1rio de tr\u00e2nsito. Informamos que os contentores de res\u00edduos urbanos, que estavam localizados na Rua Manuel [&hellip;]<\/p>\n","protected":false},"author":8,"featured_media":39145,"comment_status":"closed","ping_status":"open","sticky":false,"template":"","format":"standard","meta":{"_monsterinsights_skip_tracking":false,"_monsterinsights_sitenote_active":false,"_monsterinsights_sitenote_note":"","_monsterinsights_sitenote_category":0,"_uf_show_specific_survey":0,"_uf_disable_surveys":false,"footnotes":""},"categories":[15],"tags":[],"class_list":["post-39146","post","type-post","status-publish","format-standard","has-post-thumbnail","hentry","category-historico"],"aioseo_notices":[],"_links":{"self":[{"href":"https:\/\/www.simar-louresodivelas.pt\/index.php\/wp-json\/wp\/v2\/posts\/39146","targetHints":{"allow":["GET"]}}],"collection":[{"href":"https:\/\/www.simar-louresodivelas.pt\/index.php\/wp-json\/wp\/v2\/posts"}],"about":[{"href":"https:\/\/www.simar-louresodivelas.pt\/index.php\/wp-json\/wp\/v2\/types\/post"}],"author":[{"embeddable":true,"href":"https:\/\/www.simar-louresodivelas.pt\/index.php\/wp-json\/wp\/v2\/users\/8"}],"replies":[{"embeddable":true,"href":"https:\/\/www.simar-louresodivelas.pt\/index.php\/wp-json\/wp\/v2\/comments?post=39146"}],"version-history":[{"count":7,"href":"https:\/\/www.simar-louresodivelas.pt\/index.php\/wp-json\/wp\/v2\/posts\/39146\/revisions"}],"predecessor-version":[{"id":39156,"href":"https:\/\/www.simar-louresodivelas.pt\/index.php\/wp-json\/wp\/v2\/posts\/39146\/revisions\/39156"}],"wp:featuredmedia":[{"embeddable":true,"href":"https:\/\/www.simar-louresodivelas.pt\/index.php\/wp-json\/wp\/v2\/media\/39145"}],"wp:attachment":[{"href":"https:\/\/www.simar-louresodivelas.pt\/index.php\/wp-json\/wp\/v2\/media?parent=39146"}],"wp:term":[{"taxonomy":"category","embeddable":true,"href":"https:\/\/www.simar-louresodivelas.pt\/index.php\/wp-json\/wp\/v2\/categories?post=39146"},{"taxonomy":"post_tag","embeddable":true,"href":"https:\/\/www.simar-louresodivelas.pt\/index.php\/wp-json\/wp\/v2\/tags?post=39146"}],"curies":[{"name":"wp","href":"https:\/\/api.w.org\/{rel}","templated":true}]}}