{"id":39101,"date":"2026-01-22T11:07:49","date_gmt":"2026-01-22T11:07:49","guid":{"rendered":"https:\/\/www.simar-louresodivelas.pt\/?p=39101"},"modified":"2026-01-25T11:30:33","modified_gmt":"2026-01-25T11:30:33","slug":"alerta-de-tempo-severo-depressao-ingrid-eventuais-constrangimentos-na-recolha-de-residuos","status":"publish","type":"post","link":"https:\/\/www.simar-louresodivelas.pt\/index.php\/arquivo\/39101","title":{"rendered":"Alerta de Tempo Severo | Depress\u00e3o \u201cIngrid\u201d | Eventuais constrangimentos na recolha de res\u00edduos"},"content":{"rendered":"\t\t<div data-elementor-type=\"wp-post\" data-elementor-id=\"39101\" class=\"elementor elementor-39101\">\n\t\t\t\t\t\t<section class=\"elementor-section elementor-top-section elementor-element elementor-element-0f3a6b3 elementor-section-boxed elementor-section-height-default elementor-section-height-default\" data-id=\"0f3a6b3\" data-element_type=\"section\">\n\t\t\t\t\t\t<div class=\"elementor-container elementor-column-gap-default\">\n\t\t\t\t\t<div class=\"aux-parallax-section elementor-column elementor-col-100 elementor-top-column elementor-element elementor-element-e796502\" data-id=\"e796502\" data-element_type=\"column\">\n\t\t\t<div class=\"elementor-widget-wrap elementor-element-populated\">\n\t\t\t\t\t\t<div class=\"elementor-element elementor-element-93bb39b elementor-widget elementor-widget-text-editor\" data-id=\"93bb39b\" data-element_type=\"widget\" data-widget_type=\"text-editor.default\">\n\t\t\t\t<div class=\"elementor-widget-container\">\n\t\t\t\t\t\t\t\t\t<p>Devido \u00e0 depress\u00e3o \u201cIngrid\u201d prevista, entre a tarde de dia 22 de janeiro (5a feira) e a tarde de dia 24 de janeiro (s\u00e1bado), que pode levar a ventos intensos, a recolha de res\u00edduos urbanos pode sofrer constrangimentos.<\/p><p>Os SIMAR ir\u00e3o desenvolver todos os esfor\u00e7os com vista a minimizar as eventuais consequ\u00eancias da situa\u00e7\u00e3o assinalada, bem como, ap\u00f3s o per\u00edodo em causa, proceder \u00e0 r\u00e1pida normaliza\u00e7\u00e3o do sistema de recolha de res\u00edduos e atividades complementares, como a recolha de &#8220;Res\u00edduos Volumosos &#8220;.<\/p><p>Agradecemos a melhor compreens\u00e3o face a uma situa\u00e7\u00e3o \u00e0 qual os SIMAR s\u00e3o alheios.<\/p>\t\t\t\t\t\t\t\t<\/div>\n\t\t\t\t<\/div>\n\t\t\t\t\t<\/div>\n\t\t<\/div>\n\t\t\t\t\t<\/div>\n\t\t<\/section>\n\t\t\t\t<\/div>\n\t\t","protected":false},"excerpt":{"rendered":"<p>Devido \u00e0 depress\u00e3o \u201cIngrid\u201d prevista, entre a tarde de dia 22 de janeiro (5a feira) e a tarde de dia 24 de janeiro (s\u00e1bado), que pode levar a ventos intensos, a recolha de res\u00edduos urbanos pode sofrer constrangimentos. Os SIMAR ir\u00e3o desenvolver todos os esfor\u00e7os com vista a minimizar as eventuais consequ\u00eancias da situa\u00e7\u00e3o assinalada, [&hellip;]<\/p>\n","protected":false},"author":3,"featured_media":39106,"comment_status":"closed","ping_status":"open","sticky":false,"template":"","format":"standard","meta":{"_monsterinsights_skip_tracking":false,"_monsterinsights_sitenote_active":false,"_monsterinsights_sitenote_note":"","_monsterinsights_sitenote_category":0,"_uf_show_specific_survey":0,"_uf_disable_surveys":false,"footnotes":""},"categories":[32],"tags":[],"class_list":["post-39101","post","type-post","status-publish","format-standard","has-post-thumbnail","hentry","category-avisos-a-populacao"],"aioseo_notices":[],"_links":{"self":[{"href":"https:\/\/www.simar-louresodivelas.pt\/index.php\/wp-json\/wp\/v2\/posts\/39101","targetHints":{"allow":["GET"]}}],"collection":[{"href":"https:\/\/www.simar-louresodivelas.pt\/index.php\/wp-json\/wp\/v2\/posts"}],"about":[{"href":"https:\/\/www.simar-louresodivelas.pt\/index.php\/wp-json\/wp\/v2\/types\/post"}],"author":[{"embeddable":true,"href":"https:\/\/www.simar-louresodivelas.pt\/index.php\/wp-json\/wp\/v2\/users\/3"}],"replies":[{"embeddable":true,"href":"https:\/\/www.simar-louresodivelas.pt\/index.php\/wp-json\/wp\/v2\/comments?post=39101"}],"version-history":[{"count":4,"href":"https:\/\/www.simar-louresodivelas.pt\/index.php\/wp-json\/wp\/v2\/posts\/39101\/revisions"}],"predecessor-version":[{"id":39105,"href":"https:\/\/www.simar-louresodivelas.pt\/index.php\/wp-json\/wp\/v2\/posts\/39101\/revisions\/39105"}],"wp:featuredmedia":[{"embeddable":true,"href":"https:\/\/www.simar-louresodivelas.pt\/index.php\/wp-json\/wp\/v2\/media\/39106"}],"wp:attachment":[{"href":"https:\/\/www.simar-louresodivelas.pt\/index.php\/wp-json\/wp\/v2\/media?parent=39101"}],"wp:term":[{"taxonomy":"category","embeddable":true,"href":"https:\/\/www.simar-louresodivelas.pt\/index.php\/wp-json\/wp\/v2\/categories?post=39101"},{"taxonomy":"post_tag","embeddable":true,"href":"https:\/\/www.simar-louresodivelas.pt\/index.php\/wp-json\/wp\/v2\/tags?post=39101"}],"curies":[{"name":"wp","href":"https:\/\/api.w.org\/{rel}","templated":true}]}}