{"id":38948,"date":"2026-01-18T12:58:52","date_gmt":"2026-01-18T12:58:52","guid":{"rendered":"https:\/\/www.simar-louresodivelas.pt\/?p=38948"},"modified":"2026-01-22T10:32:11","modified_gmt":"2026-01-22T10:32:11","slug":"interrupcao-no-abastecimento-de-agua-entre-as-8h30-e-as-16h-de-dia-21-de-janeiro-pontinha-e-famoes","status":"publish","type":"post","link":"https:\/\/www.simar-louresodivelas.pt\/index.php\/arquivo\/38948","title":{"rendered":"Interrup\u00e7\u00e3o no abastecimento de \u00e1gua entre as 8h30 e as 16h de dia 21 de janeiro &#8211; Pontinha e Fam\u00f5es"},"content":{"rendered":"\t\t<div data-elementor-type=\"wp-post\" data-elementor-id=\"38948\" class=\"elementor elementor-38948\">\n\t\t\t\t\t\t<section class=\"elementor-section elementor-top-section elementor-element elementor-element-0f3a6b3 elementor-section-boxed elementor-section-height-default elementor-section-height-default\" data-id=\"0f3a6b3\" data-element_type=\"section\">\n\t\t\t\t\t\t<div class=\"elementor-container elementor-column-gap-default\">\n\t\t\t\t\t<div class=\"aux-parallax-section elementor-column elementor-col-100 elementor-top-column elementor-element elementor-element-e796502\" data-id=\"e796502\" data-element_type=\"column\">\n\t\t\t<div class=\"elementor-widget-wrap elementor-element-populated\">\n\t\t\t\t\t\t<div class=\"elementor-element elementor-element-93bb39b elementor-widget elementor-widget-text-editor\" data-id=\"93bb39b\" data-element_type=\"widget\" data-widget_type=\"text-editor.default\">\n\t\t\t\t<div class=\"elementor-widget-container\">\n\t\t\t\t\t\t\t\t\t<p class=\"xxxmsonormal\" style=\"margin: 0cm;\">Na sequ\u00eancia de realiza\u00e7\u00e3o de trabalhos de manuten\u00e7\u00e3o no Reservat\u00f3rio do Casal da Silveira, informamos que:<\/p><p class=\"xxxmsonormal\" style=\"margin: 0cm;\"><br \/>O ABASTECIMENTO DE \u00c1GUA SER\u00c1 INTERROMPIDO, PREVISIVELMENTE, ENTRE AS 8H30 E AS 16H, NO DIA 21 DE JANEIRO, NOS SEGUINTES LOCAIS:<\/p><p>\u00a0<\/p><p class=\"xxxmsonormal\" style=\"margin: 0cm;\"><span style=\"text-decoration: underline;\"><strong>BAIRRO VALE PEQUENO &#8211; PONTINHA<\/strong><\/span><br \/>\u2022 Rua Ilha da Madeira, Rua Rio Z\u00eazere, Rua Beatriz Costa, Rua Almeida Garrett, Rua do Alecrim, Rua do Vale Pequeno, Rua da Associa\u00e7\u00e3o, Rua Ivone Silva, Rua Rio Tejo, Praceta da Sede, Rua Assis Pacheco, Rua Zeca Afonso, Rua 25 de Abril, Rua Toni de Matos, Rua Alfredo Marceneiro, Praceta do Rio, Rua das Beiras, Rua da Liberdade, Rua M\u00e1rio Viegas, Rua das Oliveiras, Rua das T\u00edlias, Estrada Municipal e Rua Aquilino Ribeiro.<\/p><p>\u00a0<\/p><p class=\"xxxmsonormal\" style=\"margin: 0cm;\"><span style=\"text-decoration: underline;\"><strong>VALE GRANDE &#8211; PONTINHA<\/strong><\/span><br \/>\u2022 Rua Cidade da Guarda, Rua Cidade de Braga, Rua Cidade de Lamego, Rua Cidade de Alc\u00e1cer do Sal, Avenida do Vale Grande, Rua Cidade de Santar\u00e9m, Rua Cidade de Almada, Rua da Liberdade, Rua Cidade de Sines, Rua Cidade de Leiria, Rua Cidade de Tomar, Rua de S\u00e3o Pedro, Rua Cidade de Beja, Rua de S\u00e3o Domingos, Rua Cidade de Vendas Novas, Rua Cidade de Loures, Rua Cidade de Alcoba\u00e7a, Rua de S\u00e3o Martinho, Rua Rainha Dona Leonor, Rua Cidade de Aveiro, Rua Cidade de Odivelas, Rua Cidade de Portim\u00e3o, Rua Cidade da Figueira da Foz, Rua Santa Isabel, Rua de S\u00e3o Jos\u00e9, Rua Cidade de Lagos, Rua Cidade de Elvas, Rua Cidade de Abrantes, Rua Cidade de Tavira, Rua Cidade de Castelo Branco, Rua Cidade de Set\u00fabal, Rua Cidade de Estremoz, Rua Cidade de Ponte de Sor, Rua 5 de Outubro, Rua Cidade de Santiago do Cac\u00e9m e Rua Cidade de Our\u00e9m.<\/p><p class=\"xxxmsonormal\" style=\"margin: 0cm;\"><br \/><span style=\"text-decoration: underline;\"><strong>QUINTA DO SEGULIM &#8211; PONTINHA<\/strong><\/span><br \/>\u2022 Praceta Silva Porto.<\/p><p>\u00a0<\/p><p class=\"xxxmsonormal\" style=\"margin: 0cm;\"><span style=\"text-decoration: underline;\"><strong>BAIRRO CASAL DA SILVEIRA &#8211; FAM\u00d5ES<\/strong><\/span><br \/>\u2022 Rua General Norton de Matos, Rua da Alegria (Lote 424), Rua de Santo Estev\u00e3o (9\/ Lote 568; 11\/Lote 568 A; 41\/Lote 399), Rua Machado de Castro, Rua Quinta da Silveira, Rua dos Patr\u00edcios e Rua Capit\u00e3o Renato Baptista (Lote 476; Lote 477; Lote 507).<\/p><p>\u00a0<\/p><p class=\"xxxmsonormal\" style=\"margin: 0cm;\">Estamos a trabalhar, todos os dias, para melhorar as condi\u00e7\u00f5es de abastecimento de \u00e1gua nos concelhos de Loures e Odivelas.<\/p><p>\u00a0<\/p><p class=\"xxxmsonormal\" style=\"margin: 0cm;\">Apelamos \u00e0 compreens\u00e3o de todos e lamentamos, desde j\u00e1, os transtornos causados.<\/p><p class=\"xmsonormal\"><span style=\"font-size: 11.0pt;\">\u00a0<\/span><\/p>\t\t\t\t\t\t\t\t<\/div>\n\t\t\t\t<\/div>\n\t\t\t\t\t<\/div>\n\t\t<\/div>\n\t\t\t\t\t<\/div>\n\t\t<\/section>\n\t\t\t\t<\/div>\n\t\t","protected":false},"excerpt":{"rendered":"<p>Na sequ\u00eancia de realiza\u00e7\u00e3o de trabalhos de manuten\u00e7\u00e3o no Reservat\u00f3rio do Casal da Silveira, informamos que: O ABASTECIMENTO DE \u00c1GUA SER\u00c1 INTERROMPIDO, PREVISIVELMENTE, ENTRE AS 8H30 E AS 16H, NO DIA 21 DE JANEIRO, NOS SEGUINTES LOCAIS: \u00a0 BAIRRO VALE PEQUENO &#8211; PONTINHA\u2022 Rua Ilha da Madeira, Rua Rio Z\u00eazere, Rua Beatriz Costa, Rua Almeida [&hellip;]<\/p>\n","protected":false},"author":3,"featured_media":38949,"comment_status":"closed","ping_status":"open","sticky":false,"template":"","format":"standard","meta":{"_monsterinsights_skip_tracking":false,"_monsterinsights_sitenote_active":false,"_monsterinsights_sitenote_note":"","_monsterinsights_sitenote_category":0,"_uf_show_specific_survey":0,"_uf_disable_surveys":false,"footnotes":""},"categories":[15],"tags":[],"class_list":["post-38948","post","type-post","status-publish","format-standard","has-post-thumbnail","hentry","category-historico"],"aioseo_notices":[],"_links":{"self":[{"href":"https:\/\/www.simar-louresodivelas.pt\/index.php\/wp-json\/wp\/v2\/posts\/38948","targetHints":{"allow":["GET"]}}],"collection":[{"href":"https:\/\/www.simar-louresodivelas.pt\/index.php\/wp-json\/wp\/v2\/posts"}],"about":[{"href":"https:\/\/www.simar-louresodivelas.pt\/index.php\/wp-json\/wp\/v2\/types\/post"}],"author":[{"embeddable":true,"href":"https:\/\/www.simar-louresodivelas.pt\/index.php\/wp-json\/wp\/v2\/users\/3"}],"replies":[{"embeddable":true,"href":"https:\/\/www.simar-louresodivelas.pt\/index.php\/wp-json\/wp\/v2\/comments?post=38948"}],"version-history":[{"count":4,"href":"https:\/\/www.simar-louresodivelas.pt\/index.php\/wp-json\/wp\/v2\/posts\/38948\/revisions"}],"predecessor-version":[{"id":38953,"href":"https:\/\/www.simar-louresodivelas.pt\/index.php\/wp-json\/wp\/v2\/posts\/38948\/revisions\/38953"}],"wp:featuredmedia":[{"embeddable":true,"href":"https:\/\/www.simar-louresodivelas.pt\/index.php\/wp-json\/wp\/v2\/media\/38949"}],"wp:attachment":[{"href":"https:\/\/www.simar-louresodivelas.pt\/index.php\/wp-json\/wp\/v2\/media?parent=38948"}],"wp:term":[{"taxonomy":"category","embeddable":true,"href":"https:\/\/www.simar-louresodivelas.pt\/index.php\/wp-json\/wp\/v2\/categories?post=38948"},{"taxonomy":"post_tag","embeddable":true,"href":"https:\/\/www.simar-louresodivelas.pt\/index.php\/wp-json\/wp\/v2\/tags?post=38948"}],"curies":[{"name":"wp","href":"https:\/\/api.w.org\/{rel}","templated":true}]}}