{"id":38590,"date":"2026-01-08T10:19:40","date_gmt":"2026-01-08T10:19:40","guid":{"rendered":"https:\/\/www.simar-louresodivelas.pt\/?p=38590"},"modified":"2026-01-18T21:28:44","modified_gmt":"2026-01-18T21:28:44","slug":"reforcamos-a-nossa-equipa-com-31-novos-trabalhadores","status":"publish","type":"post","link":"https:\/\/www.simar-louresodivelas.pt\/index.php\/arquivo\/38590","title":{"rendered":"Refor\u00e7amos a nossa equipa com 31 novos trabalhadores!"},"content":{"rendered":"\t\t<div data-elementor-type=\"wp-post\" data-elementor-id=\"38590\" class=\"elementor elementor-38590\">\n\t\t\t\t\t\t<section class=\"elementor-section elementor-top-section elementor-element elementor-element-0f3a6b3 elementor-section-boxed elementor-section-height-default elementor-section-height-default\" data-id=\"0f3a6b3\" data-element_type=\"section\">\n\t\t\t\t\t\t<div class=\"elementor-container elementor-column-gap-default\">\n\t\t\t\t\t<div class=\"aux-parallax-section elementor-column elementor-col-100 elementor-top-column elementor-element elementor-element-e796502\" data-id=\"e796502\" data-element_type=\"column\">\n\t\t\t<div class=\"elementor-widget-wrap elementor-element-populated\">\n\t\t\t\t\t\t<div class=\"elementor-element elementor-element-93bb39b elementor-widget elementor-widget-text-editor\" data-id=\"93bb39b\" data-element_type=\"widget\" data-widget_type=\"text-editor.default\">\n\t\t\t\t<div class=\"elementor-widget-container\">\n\t\t\t\t\t\t\t\t\t<p class=\"xxmsonormal\">Damos hoje as boas-vindas a 31 novos trabalhadores que passam a integrar a fam\u00edlia SIMAR de Loures e Odivelas.<\/p><p class=\"xxmsonormal\">Esta sess\u00e3o de acolhimento marca o in\u00edcio de uma grande etapa para estes profissionais e refor\u00e7a o nosso compromisso com o rejuvenescimento e a capacita\u00e7\u00e3o t\u00e9cnica dos Servi\u00e7os.<\/p><p class=\"xxmsonormal\">Esta iniciativa foi conduzida pelo Presidente do Conselho de Administra\u00e7\u00e3o, Nuno Leit\u00e3o e pelas Vogais Susana Oliveira e Cor\u00e1lia Rodrigues que real\u00e7aram a import\u00e2ncia destes novos rostos para os desafios futuros que se apresentam no dia-a-dia, sempre com foco na dedica\u00e7\u00e3o e proximidade ao cidad\u00e3o.<\/p><p class=\"xxmsonormal\">Desejamos, a todos, os maiores sucessos profissionais e que sejam, sempre, uns embaixadores destes Servi\u00e7os, primando pelo servi\u00e7o p\u00fablico de excel\u00eancia e de qualidade.<\/p><p class=\"xxmsonormal\">Sejam todos muito bem-vindos!<\/p>\t\t\t\t\t\t\t\t<\/div>\n\t\t\t\t<\/div>\n\t\t\t\t\t<\/div>\n\t\t<\/div>\n\t\t\t\t\t<\/div>\n\t\t<\/section>\n\t\t\t\t<section class=\"elementor-section elementor-top-section elementor-element elementor-element-3f94904 elementor-section-boxed elementor-section-height-default elementor-section-height-default\" data-id=\"3f94904\" data-element_type=\"section\">\n\t\t\t\t\t\t<div class=\"elementor-container elementor-column-gap-default\">\n\t\t\t\t\t<div class=\"aux-parallax-section elementor-column elementor-col-50 elementor-top-column elementor-element elementor-element-3a79570\" data-id=\"3a79570\" data-element_type=\"column\">\n\t\t\t<div class=\"elementor-widget-wrap elementor-element-populated\">\n\t\t\t\t\t\t<div class=\"elementor-element elementor-element-4a83a8d elementor-widget elementor-widget-image\" data-id=\"4a83a8d\" data-element_type=\"widget\" data-widget_type=\"image.default\">\n\t\t\t\t<div class=\"elementor-widget-container\">\n\t\t\t\t\t\t\t\t\t\t\t\t\t\t\t<img fetchpriority=\"high\" decoding=\"async\" width=\"2560\" height=\"1440\" src=\"https:\/\/www.simar-louresodivelas.pt\/wp-content\/uploads\/2026\/01\/DSC04902-scaled.jpg\" class=\"attachment-full size-full wp-image-38593\" alt=\"\" srcset=\"https:\/\/www.simar-louresodivelas.pt\/wp-content\/uploads\/2026\/01\/DSC04902-scaled.jpg 2560w, https:\/\/www.simar-louresodivelas.pt\/wp-content\/uploads\/2026\/01\/DSC04902-1536x864.jpg 1536w, https:\/\/www.simar-louresodivelas.pt\/wp-content\/uploads\/2026\/01\/DSC04902-2048x1152.jpg 2048w\" sizes=\"(max-width: 2560px) 100vw, 2560px\" \/>\t\t\t\t\t\t\t\t\t\t\t\t\t\t\t<\/div>\n\t\t\t\t<\/div>\n\t\t\t\t\t<\/div>\n\t\t<\/div>\n\t\t\t\t<div class=\"aux-parallax-section elementor-column elementor-col-50 elementor-top-column elementor-element elementor-element-34468ac\" data-id=\"34468ac\" data-element_type=\"column\">\n\t\t\t<div class=\"elementor-widget-wrap elementor-element-populated\">\n\t\t\t\t\t\t<div class=\"elementor-element elementor-element-dfb33a1 elementor-widget elementor-widget-image\" data-id=\"dfb33a1\" data-element_type=\"widget\" data-widget_type=\"image.default\">\n\t\t\t\t<div class=\"elementor-widget-container\">\n\t\t\t\t\t\t\t\t\t\t\t\t\t\t\t<img decoding=\"async\" width=\"2560\" height=\"1440\" src=\"https:\/\/www.simar-louresodivelas.pt\/wp-content\/uploads\/2026\/01\/DSC04900-scaled.jpg\" class=\"attachment-full size-full wp-image-38592\" alt=\"\" srcset=\"https:\/\/www.simar-louresodivelas.pt\/wp-content\/uploads\/2026\/01\/DSC04900-scaled.jpg 2560w, https:\/\/www.simar-louresodivelas.pt\/wp-content\/uploads\/2026\/01\/DSC04900-1536x864.jpg 1536w, https:\/\/www.simar-louresodivelas.pt\/wp-content\/uploads\/2026\/01\/DSC04900-2048x1152.jpg 2048w\" sizes=\"(max-width: 2560px) 100vw, 2560px\" \/>\t\t\t\t\t\t\t\t\t\t\t\t\t\t\t<\/div>\n\t\t\t\t<\/div>\n\t\t\t\t\t<\/div>\n\t\t<\/div>\n\t\t\t\t\t<\/div>\n\t\t<\/section>\n\t\t\t\t<\/div>\n\t\t","protected":false},"excerpt":{"rendered":"<p>Damos hoje as boas-vindas a 31 novos trabalhadores que passam a integrar a fam\u00edlia SIMAR de Loures e Odivelas. Esta sess\u00e3o de acolhimento marca o in\u00edcio de uma grande etapa para estes profissionais e refor\u00e7a o nosso compromisso com o rejuvenescimento e a capacita\u00e7\u00e3o t\u00e9cnica dos Servi\u00e7os. Esta iniciativa foi conduzida pelo Presidente do Conselho [&hellip;]<\/p>\n","protected":false},"author":3,"featured_media":38591,"comment_status":"closed","ping_status":"open","sticky":false,"template":"","format":"standard","meta":{"_monsterinsights_skip_tracking":false,"_monsterinsights_sitenote_active":false,"_monsterinsights_sitenote_note":"","_monsterinsights_sitenote_category":0,"_uf_show_specific_survey":0,"_uf_disable_surveys":false,"footnotes":""},"categories":[15],"tags":[],"class_list":["post-38590","post","type-post","status-publish","format-standard","has-post-thumbnail","hentry","category-historico"],"aioseo_notices":[],"_links":{"self":[{"href":"https:\/\/www.simar-louresodivelas.pt\/index.php\/wp-json\/wp\/v2\/posts\/38590","targetHints":{"allow":["GET"]}}],"collection":[{"href":"https:\/\/www.simar-louresodivelas.pt\/index.php\/wp-json\/wp\/v2\/posts"}],"about":[{"href":"https:\/\/www.simar-louresodivelas.pt\/index.php\/wp-json\/wp\/v2\/types\/post"}],"author":[{"embeddable":true,"href":"https:\/\/www.simar-louresodivelas.pt\/index.php\/wp-json\/wp\/v2\/users\/3"}],"replies":[{"embeddable":true,"href":"https:\/\/www.simar-louresodivelas.pt\/index.php\/wp-json\/wp\/v2\/comments?post=38590"}],"version-history":[{"count":4,"href":"https:\/\/www.simar-louresodivelas.pt\/index.php\/wp-json\/wp\/v2\/posts\/38590\/revisions"}],"predecessor-version":[{"id":38597,"href":"https:\/\/www.simar-louresodivelas.pt\/index.php\/wp-json\/wp\/v2\/posts\/38590\/revisions\/38597"}],"wp:featuredmedia":[{"embeddable":true,"href":"https:\/\/www.simar-louresodivelas.pt\/index.php\/wp-json\/wp\/v2\/media\/38591"}],"wp:attachment":[{"href":"https:\/\/www.simar-louresodivelas.pt\/index.php\/wp-json\/wp\/v2\/media?parent=38590"}],"wp:term":[{"taxonomy":"category","embeddable":true,"href":"https:\/\/www.simar-louresodivelas.pt\/index.php\/wp-json\/wp\/v2\/categories?post=38590"},{"taxonomy":"post_tag","embeddable":true,"href":"https:\/\/www.simar-louresodivelas.pt\/index.php\/wp-json\/wp\/v2\/tags?post=38590"}],"curies":[{"name":"wp","href":"https:\/\/api.w.org\/{rel}","templated":true}]}}