{"id":35556,"date":"2025-10-10T11:41:19","date_gmt":"2025-10-10T11:41:19","guid":{"rendered":"https:\/\/www.simar-louresodivelas.pt\/?p=35556"},"modified":"2025-11-19T15:44:11","modified_gmt":"2025-11-19T15:44:11","slug":"novos-contentores-de-residuos-indiferenciados-na-povoa-de-santo-adriao-e-olival-basto","status":"publish","type":"post","link":"https:\/\/www.simar-louresodivelas.pt\/index.php\/arquivo\/35556","title":{"rendered":"Novos contentores de res\u00edduos indiferenciados na P\u00f3voa de Santo Adri\u00e3o e Olival Basto"},"content":{"rendered":"\t\t<div data-elementor-type=\"wp-post\" data-elementor-id=\"35556\" class=\"elementor elementor-35556\">\n\t\t\t\t\t\t<section class=\"elementor-section elementor-top-section elementor-element elementor-element-0f3a6b3 elementor-section-boxed elementor-section-height-default elementor-section-height-default\" data-id=\"0f3a6b3\" data-element_type=\"section\">\n\t\t\t\t\t\t<div class=\"elementor-container elementor-column-gap-default\">\n\t\t\t\t\t<div class=\"aux-parallax-section elementor-column elementor-col-100 elementor-top-column elementor-element elementor-element-e796502\" data-id=\"e796502\" data-element_type=\"column\">\n\t\t\t<div class=\"elementor-widget-wrap elementor-element-populated\">\n\t\t\t\t\t\t<div class=\"elementor-element elementor-element-93bb39b elementor-widget elementor-widget-text-editor\" data-id=\"93bb39b\" data-element_type=\"widget\" data-widget_type=\"text-editor.default\">\n\t\t\t\t<div class=\"elementor-widget-container\">\n\t\t\t\t\t\t\t\t\t<p>Os SIMAR de Loures e Odivelas t\u00eam apostado na aquisi\u00e7\u00e3o de novos contentores de deposi\u00e7\u00e3o de res\u00edduos indiferenciados, com o objetivo de renovar, de forma progressiva, os que n\u00e3o se encontram nas melhores condi\u00e7\u00f5es de uso pela popula\u00e7\u00e3o.<\/p><p>Neste \u00e2mbito, demos in\u00edcio \u00e0 renova\u00e7\u00e3o de 76 contentores de 1100 litros, nas seguintes zonas da Uni\u00e3o de Freguesias da P\u00f3voa de Santo Adri\u00e3o e Olival Basto:<\/p><ul><li>Bairro Casal dos Cucos, Bairro Casa Pia, Olival Basto, P\u00f3voa de Santo Adri\u00e3o, Quinta do Barruncho, Quinta de S\u00e3o Jos\u00e9, Quinta Serra e Quinta da V\u00e1rzea.<\/li><\/ul><p>Lamentamos quaisquer inc\u00f3modos que possam ser causados neste per\u00edodo e refor\u00e7amos que estamos a trabalhar para minimizar os impactos junto da popula\u00e7\u00e3o.<\/p><p>A melhoria cont\u00ednua na presta\u00e7\u00e3o dos nossos Servi\u00e7os, \u00e9 a prioridade!<\/p>\t\t\t\t\t\t\t\t<\/div>\n\t\t\t\t<\/div>\n\t\t\t\t\t<\/div>\n\t\t<\/div>\n\t\t\t\t\t<\/div>\n\t\t<\/section>\n\t\t\t\t<section class=\"elementor-section elementor-top-section elementor-element elementor-element-cc29164 elementor-section-boxed elementor-section-height-default elementor-section-height-default\" data-id=\"cc29164\" data-element_type=\"section\">\n\t\t\t\t\t\t<div class=\"elementor-container elementor-column-gap-default\">\n\t\t\t\t\t<div class=\"aux-parallax-section elementor-column elementor-col-50 elementor-top-column elementor-element elementor-element-b50ca65\" data-id=\"b50ca65\" data-element_type=\"column\">\n\t\t\t<div class=\"elementor-widget-wrap elementor-element-populated\">\n\t\t\t\t\t\t<div class=\"elementor-element elementor-element-0f0bb33 elementor-widget elementor-widget-image\" data-id=\"0f0bb33\" data-element_type=\"widget\" data-widget_type=\"image.default\">\n\t\t\t\t<div class=\"elementor-widget-container\">\n\t\t\t\t\t\t\t\t\t\t\t\t\t\t\t<img fetchpriority=\"high\" decoding=\"async\" width=\"1920\" height=\"2560\" src=\"https:\/\/www.simar-louresodivelas.pt\/wp-content\/uploads\/2025\/10\/IMG_8490-scaled.jpeg\" class=\"attachment-full size-full wp-image-35560\" alt=\"\" srcset=\"https:\/\/www.simar-louresodivelas.pt\/wp-content\/uploads\/2025\/10\/IMG_8490-scaled.jpeg 1920w, https:\/\/www.simar-louresodivelas.pt\/wp-content\/uploads\/2025\/10\/IMG_8490-1152x1536.jpeg 1152w, https:\/\/www.simar-louresodivelas.pt\/wp-content\/uploads\/2025\/10\/IMG_8490-1536x2048.jpeg 1536w\" sizes=\"(max-width: 1920px) 100vw, 1920px\" \/>\t\t\t\t\t\t\t\t\t\t\t\t\t\t\t<\/div>\n\t\t\t\t<\/div>\n\t\t\t\t\t<\/div>\n\t\t<\/div>\n\t\t\t\t<div class=\"aux-parallax-section elementor-column elementor-col-50 elementor-top-column elementor-element elementor-element-825da08\" data-id=\"825da08\" data-element_type=\"column\">\n\t\t\t<div class=\"elementor-widget-wrap elementor-element-populated\">\n\t\t\t\t\t\t<div class=\"elementor-element elementor-element-3b82cf7 elementor-widget elementor-widget-image\" data-id=\"3b82cf7\" data-element_type=\"widget\" data-widget_type=\"image.default\">\n\t\t\t\t<div class=\"elementor-widget-container\">\n\t\t\t\t\t\t\t\t\t\t\t\t\t\t\t<img decoding=\"async\" width=\"1920\" height=\"2560\" src=\"https:\/\/www.simar-louresodivelas.pt\/wp-content\/uploads\/2025\/10\/IMG_8491-scaled.jpeg\" class=\"attachment-full size-full wp-image-35561\" alt=\"\" srcset=\"https:\/\/www.simar-louresodivelas.pt\/wp-content\/uploads\/2025\/10\/IMG_8491-scaled.jpeg 1920w, https:\/\/www.simar-louresodivelas.pt\/wp-content\/uploads\/2025\/10\/IMG_8491-1152x1536.jpeg 1152w, https:\/\/www.simar-louresodivelas.pt\/wp-content\/uploads\/2025\/10\/IMG_8491-1536x2048.jpeg 1536w\" sizes=\"(max-width: 1920px) 100vw, 1920px\" \/>\t\t\t\t\t\t\t\t\t\t\t\t\t\t\t<\/div>\n\t\t\t\t<\/div>\n\t\t\t\t\t<\/div>\n\t\t<\/div>\n\t\t\t\t\t<\/div>\n\t\t<\/section>\n\t\t\t\t<\/div>\n\t\t","protected":false},"excerpt":{"rendered":"<p>Os SIMAR de Loures e Odivelas t\u00eam apostado na aquisi\u00e7\u00e3o de novos contentores de deposi\u00e7\u00e3o de res\u00edduos indiferenciados, com o objetivo de renovar, de forma progressiva, os que n\u00e3o se encontram nas melhores condi\u00e7\u00f5es de uso pela popula\u00e7\u00e3o. Neste \u00e2mbito, demos in\u00edcio \u00e0 renova\u00e7\u00e3o de 76 contentores de 1100 litros, nas seguintes zonas da Uni\u00e3o [&hellip;]<\/p>\n","protected":false},"author":3,"featured_media":35568,"comment_status":"closed","ping_status":"open","sticky":false,"template":"","format":"standard","meta":{"_monsterinsights_skip_tracking":false,"_monsterinsights_sitenote_active":false,"_monsterinsights_sitenote_note":"","_monsterinsights_sitenote_category":0,"_uf_show_specific_survey":0,"_uf_disable_surveys":false,"footnotes":""},"categories":[15],"tags":[],"class_list":["post-35556","post","type-post","status-publish","format-standard","has-post-thumbnail","hentry","category-historico"],"aioseo_notices":[],"_links":{"self":[{"href":"https:\/\/www.simar-louresodivelas.pt\/index.php\/wp-json\/wp\/v2\/posts\/35556","targetHints":{"allow":["GET"]}}],"collection":[{"href":"https:\/\/www.simar-louresodivelas.pt\/index.php\/wp-json\/wp\/v2\/posts"}],"about":[{"href":"https:\/\/www.simar-louresodivelas.pt\/index.php\/wp-json\/wp\/v2\/types\/post"}],"author":[{"embeddable":true,"href":"https:\/\/www.simar-louresodivelas.pt\/index.php\/wp-json\/wp\/v2\/users\/3"}],"replies":[{"embeddable":true,"href":"https:\/\/www.simar-louresodivelas.pt\/index.php\/wp-json\/wp\/v2\/comments?post=35556"}],"version-history":[{"count":4,"href":"https:\/\/www.simar-louresodivelas.pt\/index.php\/wp-json\/wp\/v2\/posts\/35556\/revisions"}],"predecessor-version":[{"id":35565,"href":"https:\/\/www.simar-louresodivelas.pt\/index.php\/wp-json\/wp\/v2\/posts\/35556\/revisions\/35565"}],"wp:featuredmedia":[{"embeddable":true,"href":"https:\/\/www.simar-louresodivelas.pt\/index.php\/wp-json\/wp\/v2\/media\/35568"}],"wp:attachment":[{"href":"https:\/\/www.simar-louresodivelas.pt\/index.php\/wp-json\/wp\/v2\/media?parent=35556"}],"wp:term":[{"taxonomy":"category","embeddable":true,"href":"https:\/\/www.simar-louresodivelas.pt\/index.php\/wp-json\/wp\/v2\/categories?post=35556"},{"taxonomy":"post_tag","embeddable":true,"href":"https:\/\/www.simar-louresodivelas.pt\/index.php\/wp-json\/wp\/v2\/tags?post=35556"}],"curies":[{"name":"wp","href":"https:\/\/api.w.org\/{rel}","templated":true}]}}