{"id":35493,"date":"2025-10-09T17:01:26","date_gmt":"2025-10-09T17:01:26","guid":{"rendered":"https:\/\/www.simar-louresodivelas.pt\/?p=35493"},"modified":"2025-11-11T18:14:53","modified_gmt":"2025-11-11T18:14:53","slug":"simar-homenageiam-trabalhadores-em-dia-de-aniversario","status":"publish","type":"post","link":"https:\/\/www.simar-louresodivelas.pt\/index.php\/arquivo\/35493","title":{"rendered":"SIMAR homenageiam trabalhadores em dia de anivers\u00e1rio"},"content":{"rendered":"\t\t<div data-elementor-type=\"wp-post\" data-elementor-id=\"35493\" class=\"elementor elementor-35493\">\n\t\t\t\t\t\t<section class=\"elementor-section elementor-top-section elementor-element elementor-element-0f3a6b3 elementor-section-boxed elementor-section-height-default elementor-section-height-default\" data-id=\"0f3a6b3\" data-element_type=\"section\">\n\t\t\t\t\t\t<div class=\"elementor-container elementor-column-gap-default\">\n\t\t\t\t\t<div class=\"aux-parallax-section elementor-column elementor-col-100 elementor-top-column elementor-element elementor-element-e796502\" data-id=\"e796502\" data-element_type=\"column\">\n\t\t\t<div class=\"elementor-widget-wrap elementor-element-populated\">\n\t\t\t\t\t\t<div class=\"elementor-element elementor-element-93bb39b elementor-widget elementor-widget-text-editor\" data-id=\"93bb39b\" data-element_type=\"widget\" data-widget_type=\"text-editor.default\">\n\t\t\t\t<div class=\"elementor-widget-container\">\n\t\t\t\t\t\t\t\t\t<p>Por ocasi\u00e3o do 11\u00ba anivers\u00e1rio, os SIMAR de Loures e Odivelas realizaram, ontem, a Cerim\u00f3nia de Entrega de Ins\u00edgnias em homenagem aos trabalhadores que completaram 15, 20, 25, 30, 35 e 45 anos de Servi\u00e7o, bem como, aos que se aposentaram no \u00faltimo ano.<br \/><br \/>O evento, realizado no Mosteiro de Odivelas, reuniu trabalhadores, dirigentes e o conselho de administra\u00e7\u00e3o, num momento de reconhecimento e celebra\u00e7\u00e3o da dedica\u00e7\u00e3o e profissionalismo de quem, ao longo dos anos, tem contribu\u00eddo para a qualidade e continuidade de servi\u00e7o p\u00fablico de excel\u00eancia.<br \/><br \/>Na abertura da Cerim\u00f3nia, o Presidente do Conselho de Administra\u00e7\u00e3o dos SIMAR, Nuno Leit\u00e3o, destacou que \u201cHoje celebramos um marco que honra a nossa mem\u00f3ria e refor\u00e7a o nosso compromisso com o futuro.\u201d, sublinhando que \u201cCada um de voc\u00eas que hoje \u00e9 homenageado, o vosso esfor\u00e7o di\u00e1rio, a vossa dedica\u00e7\u00e3o e o vosso sentido de miss\u00e3o d\u00e3o continuidade ao legado de quem veio antes e abrem caminho para quem vir\u00e1 depois.\u201d<br \/><br \/>O momento contou ainda com uma exposi\u00e7\u00e3o comemorativa dos 75 anos ao Servi\u00e7o da popula\u00e7\u00e3o de Loures e Odivelas e um conv\u00edvio entre colegas, marcado pela partilha de hist\u00f3rias e pelo orgulho de fazer parte da hist\u00f3ria dos SIMAR.<\/p>\t\t\t\t\t\t\t\t<\/div>\n\t\t\t\t<\/div>\n\t\t\t\t\t<\/div>\n\t\t<\/div>\n\t\t\t\t\t<\/div>\n\t\t<\/section>\n\t\t\t\t<section class=\"elementor-section elementor-top-section elementor-element elementor-element-d9e67c0 elementor-section-boxed elementor-section-height-default elementor-section-height-default\" data-id=\"d9e67c0\" data-element_type=\"section\">\n\t\t\t\t\t\t<div class=\"elementor-container elementor-column-gap-default\">\n\t\t\t\t\t<div class=\"aux-parallax-section elementor-column elementor-col-50 elementor-top-column elementor-element elementor-element-fcfe7f2\" data-id=\"fcfe7f2\" data-element_type=\"column\">\n\t\t\t<div class=\"elementor-widget-wrap elementor-element-populated\">\n\t\t\t\t\t\t<div class=\"elementor-element elementor-element-9d8bb3a elementor-widget elementor-widget-image\" data-id=\"9d8bb3a\" data-element_type=\"widget\" data-widget_type=\"image.default\">\n\t\t\t\t<div class=\"elementor-widget-container\">\n\t\t\t\t\t\t\t\t\t\t\t\t\t\t\t<img fetchpriority=\"high\" decoding=\"async\" width=\"2560\" height=\"1561\" src=\"https:\/\/www.simar-louresodivelas.pt\/wp-content\/uploads\/2025\/10\/INTRA_SITE-scaled.jpg\" class=\"attachment-full size-full wp-image-35514\" alt=\"\" srcset=\"https:\/\/www.simar-louresodivelas.pt\/wp-content\/uploads\/2025\/10\/INTRA_SITE-scaled.jpg 2560w, https:\/\/www.simar-louresodivelas.pt\/wp-content\/uploads\/2025\/10\/INTRA_SITE-1536x937.jpg 1536w, https:\/\/www.simar-louresodivelas.pt\/wp-content\/uploads\/2025\/10\/INTRA_SITE-2048x1249.jpg 2048w\" sizes=\"(max-width: 2560px) 100vw, 2560px\" \/>\t\t\t\t\t\t\t\t\t\t\t\t\t\t\t<\/div>\n\t\t\t\t<\/div>\n\t\t\t\t\t<\/div>\n\t\t<\/div>\n\t\t\t\t<div class=\"aux-parallax-section elementor-column elementor-col-50 elementor-top-column elementor-element elementor-element-d699b94\" data-id=\"d699b94\" data-element_type=\"column\">\n\t\t\t<div class=\"elementor-widget-wrap elementor-element-populated\">\n\t\t\t\t\t\t<div class=\"elementor-element elementor-element-cfde8bc elementor-widget elementor-widget-image\" data-id=\"cfde8bc\" data-element_type=\"widget\" data-widget_type=\"image.default\">\n\t\t\t\t<div class=\"elementor-widget-container\">\n\t\t\t\t\t\t\t\t\t\t\t\t\t\t\t<img decoding=\"async\" width=\"2560\" height=\"1561\" src=\"https:\/\/www.simar-louresodivelas.pt\/wp-content\/uploads\/2025\/10\/DSC04017-1-scaled.jpg\" class=\"attachment-full size-full wp-image-35503\" alt=\"\" srcset=\"https:\/\/www.simar-louresodivelas.pt\/wp-content\/uploads\/2025\/10\/DSC04017-1-scaled.jpg 2560w, https:\/\/www.simar-louresodivelas.pt\/wp-content\/uploads\/2025\/10\/DSC04017-1-1536x937.jpg 1536w, https:\/\/www.simar-louresodivelas.pt\/wp-content\/uploads\/2025\/10\/DSC04017-1-2048x1249.jpg 2048w\" sizes=\"(max-width: 2560px) 100vw, 2560px\" \/>\t\t\t\t\t\t\t\t\t\t\t\t\t\t\t<\/div>\n\t\t\t\t<\/div>\n\t\t\t\t\t<\/div>\n\t\t<\/div>\n\t\t\t\t\t<\/div>\n\t\t<\/section>\n\t\t\t\t<section class=\"elementor-section elementor-top-section elementor-element elementor-element-da49b7a elementor-section-boxed elementor-section-height-default elementor-section-height-default\" data-id=\"da49b7a\" data-element_type=\"section\">\n\t\t\t\t\t\t<div class=\"elementor-container elementor-column-gap-default\">\n\t\t\t\t\t<div class=\"aux-parallax-section elementor-column elementor-col-16 elementor-top-column elementor-element elementor-element-22d0d04\" data-id=\"22d0d04\" data-element_type=\"column\">\n\t\t\t<div class=\"elementor-widget-wrap\">\n\t\t\t\t\t\t\t<\/div>\n\t\t<\/div>\n\t\t\t\t<div class=\"aux-parallax-section elementor-column elementor-col-66 elementor-top-column elementor-element elementor-element-eff99e5\" data-id=\"eff99e5\" data-element_type=\"column\">\n\t\t\t<div class=\"elementor-widget-wrap elementor-element-populated\">\n\t\t\t\t\t\t<div class=\"elementor-element elementor-element-3917d50 elementor-widget elementor-widget-image\" data-id=\"3917d50\" data-element_type=\"widget\" data-widget_type=\"image.default\">\n\t\t\t\t<div class=\"elementor-widget-container\">\n\t\t\t\t\t\t\t\t\t\t\t\t\t\t\t<img decoding=\"async\" width=\"2560\" height=\"1625\" src=\"https:\/\/www.simar-louresodivelas.pt\/wp-content\/uploads\/2025\/10\/DSC03901-1-scaled.jpg\" class=\"attachment-full size-full wp-image-35500\" alt=\"\" srcset=\"https:\/\/www.simar-louresodivelas.pt\/wp-content\/uploads\/2025\/10\/DSC03901-1-scaled.jpg 2560w, https:\/\/www.simar-louresodivelas.pt\/wp-content\/uploads\/2025\/10\/DSC03901-1-1536x975.jpg 1536w, https:\/\/www.simar-louresodivelas.pt\/wp-content\/uploads\/2025\/10\/DSC03901-1-2048x1300.jpg 2048w\" sizes=\"(max-width: 2560px) 100vw, 2560px\" \/>\t\t\t\t\t\t\t\t\t\t\t\t\t\t\t<\/div>\n\t\t\t\t<\/div>\n\t\t\t\t\t<\/div>\n\t\t<\/div>\n\t\t\t\t<div class=\"aux-parallax-section elementor-column elementor-col-16 elementor-top-column elementor-element elementor-element-3a1fbe4\" data-id=\"3a1fbe4\" data-element_type=\"column\">\n\t\t\t<div class=\"elementor-widget-wrap\">\n\t\t\t\t\t\t\t<\/div>\n\t\t<\/div>\n\t\t\t\t\t<\/div>\n\t\t<\/section>\n\t\t\t\t<\/div>\n\t\t","protected":false},"excerpt":{"rendered":"<p>Por ocasi\u00e3o do 11\u00ba anivers\u00e1rio, os SIMAR de Loures e Odivelas realizaram, ontem, a Cerim\u00f3nia de Entrega de Ins\u00edgnias em homenagem aos trabalhadores que completaram 15, 20, 25, 30, 35 e 45 anos de Servi\u00e7o, bem como, aos que se aposentaram no \u00faltimo ano. O evento, realizado no Mosteiro de Odivelas, reuniu trabalhadores, dirigentes e [&hellip;]<\/p>\n","protected":false},"author":8,"featured_media":35514,"comment_status":"closed","ping_status":"open","sticky":false,"template":"","format":"standard","meta":{"_monsterinsights_skip_tracking":false,"_monsterinsights_sitenote_active":false,"_monsterinsights_sitenote_note":"","_monsterinsights_sitenote_category":0,"_uf_show_specific_survey":0,"_uf_disable_surveys":false,"footnotes":""},"categories":[15],"tags":[],"class_list":["post-35493","post","type-post","status-publish","format-standard","has-post-thumbnail","hentry","category-historico"],"aioseo_notices":[],"_links":{"self":[{"href":"https:\/\/www.simar-louresodivelas.pt\/index.php\/wp-json\/wp\/v2\/posts\/35493","targetHints":{"allow":["GET"]}}],"collection":[{"href":"https:\/\/www.simar-louresodivelas.pt\/index.php\/wp-json\/wp\/v2\/posts"}],"about":[{"href":"https:\/\/www.simar-louresodivelas.pt\/index.php\/wp-json\/wp\/v2\/types\/post"}],"author":[{"embeddable":true,"href":"https:\/\/www.simar-louresodivelas.pt\/index.php\/wp-json\/wp\/v2\/users\/8"}],"replies":[{"embeddable":true,"href":"https:\/\/www.simar-louresodivelas.pt\/index.php\/wp-json\/wp\/v2\/comments?post=35493"}],"version-history":[{"count":8,"href":"https:\/\/www.simar-louresodivelas.pt\/index.php\/wp-json\/wp\/v2\/posts\/35493\/revisions"}],"predecessor-version":[{"id":35517,"href":"https:\/\/www.simar-louresodivelas.pt\/index.php\/wp-json\/wp\/v2\/posts\/35493\/revisions\/35517"}],"wp:featuredmedia":[{"embeddable":true,"href":"https:\/\/www.simar-louresodivelas.pt\/index.php\/wp-json\/wp\/v2\/media\/35514"}],"wp:attachment":[{"href":"https:\/\/www.simar-louresodivelas.pt\/index.php\/wp-json\/wp\/v2\/media?parent=35493"}],"wp:term":[{"taxonomy":"category","embeddable":true,"href":"https:\/\/www.simar-louresodivelas.pt\/index.php\/wp-json\/wp\/v2\/categories?post=35493"},{"taxonomy":"post_tag","embeddable":true,"href":"https:\/\/www.simar-louresodivelas.pt\/index.php\/wp-json\/wp\/v2\/tags?post=35493"}],"curies":[{"name":"wp","href":"https:\/\/api.w.org\/{rel}","templated":true}]}}