{"id":35272,"date":"2025-10-02T11:46:39","date_gmt":"2025-10-02T11:46:39","guid":{"rendered":"https:\/\/www.simar-louresodivelas.pt\/?p=35272"},"modified":"2025-11-19T14:57:51","modified_gmt":"2025-11-19T14:57:51","slug":"novos-contentores-de-residuos-indiferenciados-em-sacavem-e-prior-velho","status":"publish","type":"post","link":"https:\/\/www.simar-louresodivelas.pt\/index.php\/arquivo\/35272","title":{"rendered":"Novos contentores de res\u00edduos indiferenciados em Sacav\u00e9m e Prior Velho"},"content":{"rendered":"\t\t<div data-elementor-type=\"wp-post\" data-elementor-id=\"35272\" class=\"elementor elementor-35272\">\n\t\t\t\t\t\t<section class=\"elementor-section elementor-top-section elementor-element elementor-element-0f3a6b3 elementor-section-boxed elementor-section-height-default elementor-section-height-default\" data-id=\"0f3a6b3\" data-element_type=\"section\">\n\t\t\t\t\t\t<div class=\"elementor-container elementor-column-gap-default\">\n\t\t\t\t\t<div class=\"aux-parallax-section elementor-column elementor-col-100 elementor-top-column elementor-element elementor-element-e796502\" data-id=\"e796502\" data-element_type=\"column\">\n\t\t\t<div class=\"elementor-widget-wrap elementor-element-populated\">\n\t\t\t\t\t\t<div class=\"elementor-element elementor-element-93bb39b elementor-widget elementor-widget-text-editor\" data-id=\"93bb39b\" data-element_type=\"widget\" data-widget_type=\"text-editor.default\">\n\t\t\t\t<div class=\"elementor-widget-container\">\n\t\t\t\t\t\t\t\t\t<p>Os SIMAR de Loures e Odivelas t\u00eam apostado na aquisi\u00e7\u00e3o de novos contentores de deposi\u00e7\u00e3o de res\u00edduos indiferenciados, com o objetivo de renovar, de forma progressiva, os que n\u00e3o se encontram nas melhores condi\u00e7\u00f5es de uso pela popula\u00e7\u00e3o.<\/p><p>Neste \u00e2mbito, demos in\u00edcio \u00e0 renova\u00e7\u00e3o de 119 contentores de 1100 litros, nas seguintes zonas da Uni\u00e3o de Freguesias de Sacav\u00e9m e Prior Velho:<\/p><ul><li>Terra\u00e7os da Ponte, Figo Maduro, Prior Velho, Quinta da Francelha, Quinta do Patrim\u00f3nio, Quinta da Serra e Sacav\u00e9m.<\/li><\/ul><p>Lamentamos quaisquer inc\u00f3modos que possam ser causados neste per\u00edodo e refor\u00e7amos que estamos a trabalhar para minimizar os impactos junto da popula\u00e7\u00e3o.<\/p><p>A melhoria cont\u00ednua na presta\u00e7\u00e3o dos nossos Servi\u00e7os, \u00e9 a prioridade!<\/p>\t\t\t\t\t\t\t\t<\/div>\n\t\t\t\t<\/div>\n\t\t\t\t\t<\/div>\n\t\t<\/div>\n\t\t\t\t\t<\/div>\n\t\t<\/section>\n\t\t\t\t<section class=\"elementor-section elementor-top-section elementor-element elementor-element-e316141 elementor-section-boxed elementor-section-height-default elementor-section-height-default\" data-id=\"e316141\" data-element_type=\"section\">\n\t\t\t\t\t\t<div class=\"elementor-container elementor-column-gap-default\">\n\t\t\t\t\t<div class=\"aux-parallax-section elementor-column elementor-col-50 elementor-top-column elementor-element elementor-element-263e3ac\" data-id=\"263e3ac\" data-element_type=\"column\">\n\t\t\t<div class=\"elementor-widget-wrap elementor-element-populated\">\n\t\t\t\t\t\t<div class=\"elementor-element elementor-element-b013f81 elementor-widget elementor-widget-image\" data-id=\"b013f81\" data-element_type=\"widget\" data-widget_type=\"image.default\">\n\t\t\t\t<div class=\"elementor-widget-container\">\n\t\t\t\t\t\t\t\t\t\t\t\t\t\t\t<img fetchpriority=\"high\" decoding=\"async\" width=\"1920\" height=\"2560\" src=\"https:\/\/www.simar-louresodivelas.pt\/wp-content\/uploads\/2025\/10\/IMG_8493-scaled.jpeg\" class=\"attachment-full size-full wp-image-35277\" alt=\"\" srcset=\"https:\/\/www.simar-louresodivelas.pt\/wp-content\/uploads\/2025\/10\/IMG_8493-scaled.jpeg 1920w, https:\/\/www.simar-louresodivelas.pt\/wp-content\/uploads\/2025\/10\/IMG_8493-1152x1536.jpeg 1152w, https:\/\/www.simar-louresodivelas.pt\/wp-content\/uploads\/2025\/10\/IMG_8493-1536x2048.jpeg 1536w\" sizes=\"(max-width: 1920px) 100vw, 1920px\" \/>\t\t\t\t\t\t\t\t\t\t\t\t\t\t\t<\/div>\n\t\t\t\t<\/div>\n\t\t\t\t\t<\/div>\n\t\t<\/div>\n\t\t\t\t<div class=\"aux-parallax-section elementor-column elementor-col-50 elementor-top-column elementor-element elementor-element-4262c68\" data-id=\"4262c68\" data-element_type=\"column\">\n\t\t\t<div class=\"elementor-widget-wrap elementor-element-populated\">\n\t\t\t\t\t\t<div class=\"elementor-element elementor-element-5ecd2b5 elementor-widget elementor-widget-image\" data-id=\"5ecd2b5\" data-element_type=\"widget\" data-widget_type=\"image.default\">\n\t\t\t\t<div class=\"elementor-widget-container\">\n\t\t\t\t\t\t\t\t\t\t\t\t\t\t\t<img decoding=\"async\" src=\"https:\/\/www.simar-louresodivelas.pt\/wp-content\/uploads\/2025\/10\/IMG_8494-scaled.jpeg\" title=\"IMG_8494\" alt=\"IMG_8494\" loading=\"lazy\" \/>\t\t\t\t\t\t\t\t\t\t\t\t\t\t\t<\/div>\n\t\t\t\t<\/div>\n\t\t\t\t\t<\/div>\n\t\t<\/div>\n\t\t\t\t\t<\/div>\n\t\t<\/section>\n\t\t\t\t<\/div>\n\t\t","protected":false},"excerpt":{"rendered":"<p>Os SIMAR de Loures e Odivelas t\u00eam apostado na aquisi\u00e7\u00e3o de novos contentores de deposi\u00e7\u00e3o de res\u00edduos indiferenciados, com o objetivo de renovar, de forma progressiva, os que n\u00e3o se encontram nas melhores condi\u00e7\u00f5es de uso pela popula\u00e7\u00e3o. Neste \u00e2mbito, demos in\u00edcio \u00e0 renova\u00e7\u00e3o de 119 contentores de 1100 litros, nas seguintes zonas da Uni\u00e3o [&hellip;]<\/p>\n","protected":false},"author":3,"featured_media":35275,"comment_status":"closed","ping_status":"open","sticky":false,"template":"","format":"standard","meta":{"_monsterinsights_skip_tracking":false,"_monsterinsights_sitenote_active":false,"_monsterinsights_sitenote_note":"","_monsterinsights_sitenote_category":0,"_uf_show_specific_survey":0,"_uf_disable_surveys":false,"footnotes":""},"categories":[15],"tags":[],"class_list":["post-35272","post","type-post","status-publish","format-standard","has-post-thumbnail","hentry","category-historico"],"aioseo_notices":[],"_links":{"self":[{"href":"https:\/\/www.simar-louresodivelas.pt\/index.php\/wp-json\/wp\/v2\/posts\/35272","targetHints":{"allow":["GET"]}}],"collection":[{"href":"https:\/\/www.simar-louresodivelas.pt\/index.php\/wp-json\/wp\/v2\/posts"}],"about":[{"href":"https:\/\/www.simar-louresodivelas.pt\/index.php\/wp-json\/wp\/v2\/types\/post"}],"author":[{"embeddable":true,"href":"https:\/\/www.simar-louresodivelas.pt\/index.php\/wp-json\/wp\/v2\/users\/3"}],"replies":[{"embeddable":true,"href":"https:\/\/www.simar-louresodivelas.pt\/index.php\/wp-json\/wp\/v2\/comments?post=35272"}],"version-history":[{"count":7,"href":"https:\/\/www.simar-louresodivelas.pt\/index.php\/wp-json\/wp\/v2\/posts\/35272\/revisions"}],"predecessor-version":[{"id":35284,"href":"https:\/\/www.simar-louresodivelas.pt\/index.php\/wp-json\/wp\/v2\/posts\/35272\/revisions\/35284"}],"wp:featuredmedia":[{"embeddable":true,"href":"https:\/\/www.simar-louresodivelas.pt\/index.php\/wp-json\/wp\/v2\/media\/35275"}],"wp:attachment":[{"href":"https:\/\/www.simar-louresodivelas.pt\/index.php\/wp-json\/wp\/v2\/media?parent=35272"}],"wp:term":[{"taxonomy":"category","embeddable":true,"href":"https:\/\/www.simar-louresodivelas.pt\/index.php\/wp-json\/wp\/v2\/categories?post=35272"},{"taxonomy":"post_tag","embeddable":true,"href":"https:\/\/www.simar-louresodivelas.pt\/index.php\/wp-json\/wp\/v2\/tags?post=35272"}],"curies":[{"name":"wp","href":"https:\/\/api.w.org\/{rel}","templated":true}]}}