{"id":34012,"date":"2025-08-29T12:58:05","date_gmt":"2025-08-29T12:58:05","guid":{"rendered":"https:\/\/www.simar-louresodivelas.pt\/?p=34012"},"modified":"2025-10-02T11:51:44","modified_gmt":"2025-10-02T11:51:44","slug":"novos-contentores-de-residuos-indiferenciados-em-moscavide-e-portela","status":"publish","type":"post","link":"https:\/\/www.simar-louresodivelas.pt\/index.php\/arquivo\/34012","title":{"rendered":"Novos contentores de res\u00edduos indiferenciados em Moscavide e Portela"},"content":{"rendered":"\t\t<div data-elementor-type=\"wp-post\" data-elementor-id=\"34012\" class=\"elementor elementor-34012\">\n\t\t\t\t\t\t<section class=\"elementor-section elementor-top-section elementor-element elementor-element-0f3a6b3 elementor-section-boxed elementor-section-height-default elementor-section-height-default\" data-id=\"0f3a6b3\" data-element_type=\"section\">\n\t\t\t\t\t\t<div class=\"elementor-container elementor-column-gap-default\">\n\t\t\t\t\t<div class=\"aux-parallax-section elementor-column elementor-col-100 elementor-top-column elementor-element elementor-element-e796502\" data-id=\"e796502\" data-element_type=\"column\">\n\t\t\t<div class=\"elementor-widget-wrap elementor-element-populated\">\n\t\t\t\t\t\t<div class=\"elementor-element elementor-element-93bb39b elementor-widget elementor-widget-text-editor\" data-id=\"93bb39b\" data-element_type=\"widget\" data-widget_type=\"text-editor.default\">\n\t\t\t\t<div class=\"elementor-widget-container\">\n\t\t\t\t\t\t\t\t\t<p>Os SIMAR de Loures e Odivelas t\u00eam apostado na aquisi\u00e7\u00e3o de novos contentores de deposi\u00e7\u00e3o de res\u00edduos indiferenciados, com o objetivo de renovar, de forma progressiva, os que n\u00e3o se encontram nas melhores condi\u00e7\u00f5es de uso pela popula\u00e7\u00e3o.<\/p><p>Neste \u00e2mbito, demos in\u00edcio \u00e0 renova\u00e7\u00e3o de 185 contentores de 1100 litros, nas seguintes zonas das Freguesias de Moscavide e Portela:<\/p><ul><li><strong>Moscavide.<\/strong><\/li><li><strong>Portela &#8211; Bairro Auto Constru\u00e7\u00e3o, Quinta da Vit\u00f3ria e Avenida do Ralis.<\/strong><\/li><\/ul><p>Lamentamos quaisquer inc\u00f3modos que possam ser causados neste per\u00edodo e refor\u00e7amos que estamos a trabalhar para minimizar os impactos junto da popula\u00e7\u00e3o.<\/p><p>A melhoria cont\u00ednua na presta\u00e7\u00e3o dos nossos Servi\u00e7os, \u00e9 a prioridade!<\/p>\t\t\t\t\t\t\t\t<\/div>\n\t\t\t\t<\/div>\n\t\t\t\t\t<\/div>\n\t\t<\/div>\n\t\t\t\t\t<\/div>\n\t\t<\/section>\n\t\t\t\t<section class=\"elementor-section elementor-top-section elementor-element elementor-element-2f2217c elementor-section-boxed elementor-section-height-default elementor-section-height-default\" data-id=\"2f2217c\" data-element_type=\"section\">\n\t\t\t\t\t\t<div class=\"elementor-container elementor-column-gap-default\">\n\t\t\t\t\t<div class=\"aux-parallax-section elementor-column elementor-col-33 elementor-top-column elementor-element elementor-element-47e2b90\" data-id=\"47e2b90\" data-element_type=\"column\">\n\t\t\t<div class=\"elementor-widget-wrap elementor-element-populated\">\n\t\t\t\t\t\t<div class=\"elementor-element elementor-element-36626af elementor-widget elementor-widget-image\" data-id=\"36626af\" data-element_type=\"widget\" data-widget_type=\"image.default\">\n\t\t\t\t<div class=\"elementor-widget-container\">\n\t\t\t\t\t\t\t\t\t\t\t\t\t\t\t<img fetchpriority=\"high\" decoding=\"async\" width=\"1920\" height=\"2560\" src=\"https:\/\/www.simar-louresodivelas.pt\/wp-content\/uploads\/2025\/08\/IMG_8100-scaled.gif\" class=\"attachment-full size-full wp-image-34025\" alt=\"\" \/>\t\t\t\t\t\t\t\t\t\t\t\t\t\t\t<\/div>\n\t\t\t\t<\/div>\n\t\t\t\t\t<\/div>\n\t\t<\/div>\n\t\t\t\t<div class=\"aux-parallax-section elementor-column elementor-col-33 elementor-top-column elementor-element elementor-element-f629db3\" data-id=\"f629db3\" data-element_type=\"column\">\n\t\t\t<div class=\"elementor-widget-wrap elementor-element-populated\">\n\t\t\t\t\t\t<div class=\"elementor-element elementor-element-e6add10 elementor-widget elementor-widget-image\" data-id=\"e6add10\" data-element_type=\"widget\" data-widget_type=\"image.default\">\n\t\t\t\t<div class=\"elementor-widget-container\">\n\t\t\t\t\t\t\t\t\t\t\t\t\t\t\t<img decoding=\"async\" width=\"1920\" height=\"2560\" src=\"https:\/\/www.simar-louresodivelas.pt\/wp-content\/uploads\/2025\/08\/IMG_8110-scaled.gif\" class=\"attachment-full size-full wp-image-34027\" alt=\"\" \/>\t\t\t\t\t\t\t\t\t\t\t\t\t\t\t<\/div>\n\t\t\t\t<\/div>\n\t\t\t\t\t<\/div>\n\t\t<\/div>\n\t\t\t\t<div class=\"aux-parallax-section elementor-column elementor-col-33 elementor-top-column elementor-element elementor-element-9cef7eb\" data-id=\"9cef7eb\" data-element_type=\"column\">\n\t\t\t<div class=\"elementor-widget-wrap elementor-element-populated\">\n\t\t\t\t\t\t<div class=\"elementor-element elementor-element-62272b4 elementor-widget elementor-widget-image\" data-id=\"62272b4\" data-element_type=\"widget\" data-widget_type=\"image.default\">\n\t\t\t\t<div class=\"elementor-widget-container\">\n\t\t\t\t\t\t\t\t\t\t\t\t\t\t\t<img decoding=\"async\" width=\"1920\" height=\"2560\" src=\"https:\/\/www.simar-louresodivelas.pt\/wp-content\/uploads\/2025\/08\/IMG_8101-scaled.gif\" class=\"attachment-full size-full wp-image-34026\" alt=\"\" \/>\t\t\t\t\t\t\t\t\t\t\t\t\t\t\t<\/div>\n\t\t\t\t<\/div>\n\t\t\t\t\t<\/div>\n\t\t<\/div>\n\t\t\t\t\t<\/div>\n\t\t<\/section>\n\t\t\t\t<\/div>\n\t\t","protected":false},"excerpt":{"rendered":"<p>Os SIMAR de Loures e Odivelas t\u00eam apostado na aquisi\u00e7\u00e3o de novos contentores de deposi\u00e7\u00e3o de res\u00edduos indiferenciados, com o objetivo de renovar, de forma progressiva, os que n\u00e3o se encontram nas melhores condi\u00e7\u00f5es de uso pela popula\u00e7\u00e3o. Neste \u00e2mbito, demos in\u00edcio \u00e0 renova\u00e7\u00e3o de 185 contentores de 1100 litros, nas seguintes zonas das Freguesias [&hellip;]<\/p>\n","protected":false},"author":3,"featured_media":34013,"comment_status":"closed","ping_status":"open","sticky":false,"template":"","format":"standard","meta":{"_monsterinsights_skip_tracking":false,"_monsterinsights_sitenote_active":false,"_monsterinsights_sitenote_note":"","_monsterinsights_sitenote_category":0,"_uf_show_specific_survey":0,"_uf_disable_surveys":false,"footnotes":""},"categories":[15],"tags":[],"class_list":["post-34012","post","type-post","status-publish","format-standard","has-post-thumbnail","hentry","category-historico"],"aioseo_notices":[],"_links":{"self":[{"href":"https:\/\/www.simar-louresodivelas.pt\/index.php\/wp-json\/wp\/v2\/posts\/34012","targetHints":{"allow":["GET"]}}],"collection":[{"href":"https:\/\/www.simar-louresodivelas.pt\/index.php\/wp-json\/wp\/v2\/posts"}],"about":[{"href":"https:\/\/www.simar-louresodivelas.pt\/index.php\/wp-json\/wp\/v2\/types\/post"}],"author":[{"embeddable":true,"href":"https:\/\/www.simar-louresodivelas.pt\/index.php\/wp-json\/wp\/v2\/users\/3"}],"replies":[{"embeddable":true,"href":"https:\/\/www.simar-louresodivelas.pt\/index.php\/wp-json\/wp\/v2\/comments?post=34012"}],"version-history":[{"count":8,"href":"https:\/\/www.simar-louresodivelas.pt\/index.php\/wp-json\/wp\/v2\/posts\/34012\/revisions"}],"predecessor-version":[{"id":35228,"href":"https:\/\/www.simar-louresodivelas.pt\/index.php\/wp-json\/wp\/v2\/posts\/34012\/revisions\/35228"}],"wp:featuredmedia":[{"embeddable":true,"href":"https:\/\/www.simar-louresodivelas.pt\/index.php\/wp-json\/wp\/v2\/media\/34013"}],"wp:attachment":[{"href":"https:\/\/www.simar-louresodivelas.pt\/index.php\/wp-json\/wp\/v2\/media?parent=34012"}],"wp:term":[{"taxonomy":"category","embeddable":true,"href":"https:\/\/www.simar-louresodivelas.pt\/index.php\/wp-json\/wp\/v2\/categories?post=34012"},{"taxonomy":"post_tag","embeddable":true,"href":"https:\/\/www.simar-louresodivelas.pt\/index.php\/wp-json\/wp\/v2\/tags?post=34012"}],"curies":[{"name":"wp","href":"https:\/\/api.w.org\/{rel}","templated":true}]}}