{"id":33692,"date":"2025-08-19T22:17:51","date_gmt":"2025-08-19T22:17:51","guid":{"rendered":"https:\/\/www.simar-louresodivelas.pt\/?p=33692"},"modified":"2025-08-29T15:58:31","modified_gmt":"2025-08-29T15:58:31","slug":"novos-contentores-de-residuos-indiferenciados-em-bucelas","status":"publish","type":"post","link":"https:\/\/www.simar-louresodivelas.pt\/index.php\/arquivo\/33692","title":{"rendered":"Novos contentores de res\u00edduos indiferenciados em Bucelas"},"content":{"rendered":"\t\t<div data-elementor-type=\"wp-post\" data-elementor-id=\"33692\" class=\"elementor elementor-33692\">\n\t\t\t\t\t\t<section class=\"elementor-section elementor-top-section elementor-element elementor-element-0f3a6b3 elementor-section-boxed elementor-section-height-default elementor-section-height-default\" data-id=\"0f3a6b3\" data-element_type=\"section\">\n\t\t\t\t\t\t<div class=\"elementor-container elementor-column-gap-default\">\n\t\t\t\t\t<div class=\"aux-parallax-section elementor-column elementor-col-100 elementor-top-column elementor-element elementor-element-e796502\" data-id=\"e796502\" data-element_type=\"column\">\n\t\t\t<div class=\"elementor-widget-wrap elementor-element-populated\">\n\t\t\t\t\t\t<div class=\"elementor-element elementor-element-93bb39b elementor-widget elementor-widget-text-editor\" data-id=\"93bb39b\" data-element_type=\"widget\" data-widget_type=\"text-editor.default\">\n\t\t\t\t<div class=\"elementor-widget-container\">\n\t\t\t\t\t\t\t\t\t<p>Os SIMAR de Loures e Odivelas t\u00eam apostado na aquisi\u00e7\u00e3o de novos contentores de deposi\u00e7\u00e3o de res\u00edduos indiferenciados, com o objetivo de renovar, de forma progressiva, os que n\u00e3o se encontram nas melhores condi\u00e7\u00f5es de uso pela popula\u00e7\u00e3o.<\/p><p>Neste \u00e2mbito, demos in\u00edcio \u00e0 renova\u00e7\u00e3o de 220 contentores de 1100 litros, nas seguintes zonas da Freguesia de Bucelas:<\/p><ul><li>Bairro Sol Casa, Bemposta, Cabe\u00e7o da Rosa, Calhandros Grandes, Casal do Arpim, Chamboeira, Freixial, Mato da Cruz, Quinta de Baixo, Quinta dos Melos, Serra de Alrota, Urbaniza\u00e7\u00e3o dos Cerejais, Vila Nova, Terra\u00e7os de Bucelas e Vila de Rei.<\/li><\/ul><p>\u00a0<\/p><p>Lamentamos quaisquer inc\u00f3modos que possam ser causados neste per\u00edodo e refor\u00e7amos que estamos a trabalhar para minimizar os impactos junto da popula\u00e7\u00e3o.<\/p><p>A melhoria cont\u00ednua na presta\u00e7\u00e3o dos nossos Servi\u00e7os, \u00e9 a prioridade!<\/p>\t\t\t\t\t\t\t\t<\/div>\n\t\t\t\t<\/div>\n\t\t\t\t\t<\/div>\n\t\t<\/div>\n\t\t\t\t\t<\/div>\n\t\t<\/section>\n\t\t\t\t<section class=\"elementor-section elementor-top-section elementor-element elementor-element-4a74e4d elementor-section-boxed elementor-section-height-default elementor-section-height-default\" data-id=\"4a74e4d\" data-element_type=\"section\">\n\t\t\t\t\t\t<div class=\"elementor-container elementor-column-gap-default\">\n\t\t\t\t\t<div class=\"aux-parallax-section elementor-column elementor-col-33 elementor-top-column elementor-element elementor-element-9c86813\" data-id=\"9c86813\" data-element_type=\"column\">\n\t\t\t<div class=\"elementor-widget-wrap elementor-element-populated\">\n\t\t\t\t\t\t<div class=\"elementor-element elementor-element-4a65b4a elementor-widget elementor-widget-image\" data-id=\"4a65b4a\" data-element_type=\"widget\" data-widget_type=\"image.default\">\n\t\t\t\t<div class=\"elementor-widget-container\">\n\t\t\t\t\t\t\t\t\t\t\t\t\t\t\t<img fetchpriority=\"high\" decoding=\"async\" width=\"1080\" height=\"1080\" src=\"https:\/\/www.simar-louresodivelas.pt\/wp-content\/uploads\/2025\/08\/site_bucelas_2.jpeg\" class=\"attachment-full size-full wp-image-33694\" alt=\"\" srcset=\"https:\/\/www.simar-louresodivelas.pt\/wp-content\/uploads\/2025\/08\/site_bucelas_2.jpeg 1080w, https:\/\/www.simar-louresodivelas.pt\/wp-content\/uploads\/2025\/08\/site_bucelas_2-300x300.jpeg 300w, https:\/\/www.simar-louresodivelas.pt\/wp-content\/uploads\/2025\/08\/site_bucelas_2-1024x1024.jpeg 1024w, https:\/\/www.simar-louresodivelas.pt\/wp-content\/uploads\/2025\/08\/site_bucelas_2-150x150.jpeg 150w, https:\/\/www.simar-louresodivelas.pt\/wp-content\/uploads\/2025\/08\/site_bucelas_2-768x768.jpeg 768w\" sizes=\"(max-width: 1080px) 100vw, 1080px\" \/>\t\t\t\t\t\t\t\t\t\t\t\t\t\t\t<\/div>\n\t\t\t\t<\/div>\n\t\t\t\t\t<\/div>\n\t\t<\/div>\n\t\t\t\t<div class=\"aux-parallax-section elementor-column elementor-col-33 elementor-top-column elementor-element elementor-element-43afc88\" data-id=\"43afc88\" data-element_type=\"column\">\n\t\t\t<div class=\"elementor-widget-wrap elementor-element-populated\">\n\t\t\t\t\t\t<div class=\"elementor-element elementor-element-2ac2d93 elementor-widget elementor-widget-image\" data-id=\"2ac2d93\" data-element_type=\"widget\" data-widget_type=\"image.default\">\n\t\t\t\t<div class=\"elementor-widget-container\">\n\t\t\t\t\t\t\t\t\t\t\t\t\t\t\t<img decoding=\"async\" width=\"1080\" height=\"1080\" src=\"https:\/\/www.simar-louresodivelas.pt\/wp-content\/uploads\/2025\/08\/site_bucelas_3.jpeg\" class=\"attachment-full size-full wp-image-33695\" alt=\"\" srcset=\"https:\/\/www.simar-louresodivelas.pt\/wp-content\/uploads\/2025\/08\/site_bucelas_3.jpeg 1080w, https:\/\/www.simar-louresodivelas.pt\/wp-content\/uploads\/2025\/08\/site_bucelas_3-300x300.jpeg 300w, https:\/\/www.simar-louresodivelas.pt\/wp-content\/uploads\/2025\/08\/site_bucelas_3-1024x1024.jpeg 1024w, https:\/\/www.simar-louresodivelas.pt\/wp-content\/uploads\/2025\/08\/site_bucelas_3-150x150.jpeg 150w, https:\/\/www.simar-louresodivelas.pt\/wp-content\/uploads\/2025\/08\/site_bucelas_3-768x768.jpeg 768w\" sizes=\"(max-width: 1080px) 100vw, 1080px\" \/>\t\t\t\t\t\t\t\t\t\t\t\t\t\t\t<\/div>\n\t\t\t\t<\/div>\n\t\t\t\t\t<\/div>\n\t\t<\/div>\n\t\t\t\t<div class=\"aux-parallax-section elementor-column elementor-col-33 elementor-top-column elementor-element elementor-element-c9751c4\" data-id=\"c9751c4\" data-element_type=\"column\">\n\t\t\t<div class=\"elementor-widget-wrap elementor-element-populated\">\n\t\t\t\t\t\t<div class=\"elementor-element elementor-element-4e7cd85 elementor-widget elementor-widget-image\" data-id=\"4e7cd85\" data-element_type=\"widget\" data-widget_type=\"image.default\">\n\t\t\t\t<div class=\"elementor-widget-container\">\n\t\t\t\t\t\t\t\t\t\t\t\t\t\t\t<img decoding=\"async\" width=\"1080\" height=\"1080\" src=\"https:\/\/www.simar-louresodivelas.pt\/wp-content\/uploads\/2025\/08\/site_bucelas_4.jpeg\" class=\"attachment-full size-full wp-image-33696\" alt=\"\" srcset=\"https:\/\/www.simar-louresodivelas.pt\/wp-content\/uploads\/2025\/08\/site_bucelas_4.jpeg 1080w, https:\/\/www.simar-louresodivelas.pt\/wp-content\/uploads\/2025\/08\/site_bucelas_4-300x300.jpeg 300w, https:\/\/www.simar-louresodivelas.pt\/wp-content\/uploads\/2025\/08\/site_bucelas_4-1024x1024.jpeg 1024w, https:\/\/www.simar-louresodivelas.pt\/wp-content\/uploads\/2025\/08\/site_bucelas_4-150x150.jpeg 150w, https:\/\/www.simar-louresodivelas.pt\/wp-content\/uploads\/2025\/08\/site_bucelas_4-768x768.jpeg 768w\" sizes=\"(max-width: 1080px) 100vw, 1080px\" \/>\t\t\t\t\t\t\t\t\t\t\t\t\t\t\t<\/div>\n\t\t\t\t<\/div>\n\t\t\t\t\t<\/div>\n\t\t<\/div>\n\t\t\t\t\t<\/div>\n\t\t<\/section>\n\t\t\t\t<\/div>\n\t\t","protected":false},"excerpt":{"rendered":"<p>Os SIMAR de Loures e Odivelas t\u00eam apostado na aquisi\u00e7\u00e3o de novos contentores de deposi\u00e7\u00e3o de res\u00edduos indiferenciados, com o objetivo de renovar, de forma progressiva, os que n\u00e3o se encontram nas melhores condi\u00e7\u00f5es de uso pela popula\u00e7\u00e3o. Neste \u00e2mbito, demos in\u00edcio \u00e0 renova\u00e7\u00e3o de 220 contentores de 1100 litros, nas seguintes zonas da Freguesia [&hellip;]<\/p>\n","protected":false},"author":3,"featured_media":33693,"comment_status":"closed","ping_status":"open","sticky":false,"template":"","format":"standard","meta":{"_monsterinsights_skip_tracking":false,"_monsterinsights_sitenote_active":false,"_monsterinsights_sitenote_note":"","_monsterinsights_sitenote_category":0,"_uf_show_specific_survey":0,"_uf_disable_surveys":false,"footnotes":""},"categories":[15],"tags":[],"class_list":["post-33692","post","type-post","status-publish","format-standard","has-post-thumbnail","hentry","category-historico"],"aioseo_notices":[],"_links":{"self":[{"href":"https:\/\/www.simar-louresodivelas.pt\/index.php\/wp-json\/wp\/v2\/posts\/33692","targetHints":{"allow":["GET"]}}],"collection":[{"href":"https:\/\/www.simar-louresodivelas.pt\/index.php\/wp-json\/wp\/v2\/posts"}],"about":[{"href":"https:\/\/www.simar-louresodivelas.pt\/index.php\/wp-json\/wp\/v2\/types\/post"}],"author":[{"embeddable":true,"href":"https:\/\/www.simar-louresodivelas.pt\/index.php\/wp-json\/wp\/v2\/users\/3"}],"replies":[{"embeddable":true,"href":"https:\/\/www.simar-louresodivelas.pt\/index.php\/wp-json\/wp\/v2\/comments?post=33692"}],"version-history":[{"count":4,"href":"https:\/\/www.simar-louresodivelas.pt\/index.php\/wp-json\/wp\/v2\/posts\/33692\/revisions"}],"predecessor-version":[{"id":33700,"href":"https:\/\/www.simar-louresodivelas.pt\/index.php\/wp-json\/wp\/v2\/posts\/33692\/revisions\/33700"}],"wp:featuredmedia":[{"embeddable":true,"href":"https:\/\/www.simar-louresodivelas.pt\/index.php\/wp-json\/wp\/v2\/media\/33693"}],"wp:attachment":[{"href":"https:\/\/www.simar-louresodivelas.pt\/index.php\/wp-json\/wp\/v2\/media?parent=33692"}],"wp:term":[{"taxonomy":"category","embeddable":true,"href":"https:\/\/www.simar-louresodivelas.pt\/index.php\/wp-json\/wp\/v2\/categories?post=33692"},{"taxonomy":"post_tag","embeddable":true,"href":"https:\/\/www.simar-louresodivelas.pt\/index.php\/wp-json\/wp\/v2\/tags?post=33692"}],"curies":[{"name":"wp","href":"https:\/\/api.w.org\/{rel}","templated":true}]}}