{"id":32668,"date":"2025-07-22T11:05:25","date_gmt":"2025-07-22T11:05:25","guid":{"rendered":"https:\/\/www.simar-louresodivelas.pt\/?p=32668"},"modified":"2025-08-29T13:08:07","modified_gmt":"2025-08-29T13:08:07","slug":"novos-contentores-de-residuos-indiferenciados-em-odivelas-e-ramadai","status":"publish","type":"post","link":"https:\/\/www.simar-louresodivelas.pt\/index.php\/arquivo\/32668","title":{"rendered":"Novos contentores de res\u00edduos indiferenciados em Odivelas e Ramada"},"content":{"rendered":"\t\t<div data-elementor-type=\"wp-post\" data-elementor-id=\"32668\" class=\"elementor elementor-32668\">\n\t\t\t\t\t\t<section class=\"elementor-section elementor-top-section elementor-element elementor-element-0f3a6b3 elementor-section-boxed elementor-section-height-default elementor-section-height-default\" data-id=\"0f3a6b3\" data-element_type=\"section\">\n\t\t\t\t\t\t<div class=\"elementor-container elementor-column-gap-default\">\n\t\t\t\t\t<div class=\"aux-parallax-section elementor-column elementor-col-100 elementor-top-column elementor-element elementor-element-e796502\" data-id=\"e796502\" data-element_type=\"column\">\n\t\t\t<div class=\"elementor-widget-wrap elementor-element-populated\">\n\t\t\t\t\t\t<div class=\"elementor-element elementor-element-93bb39b elementor-widget elementor-widget-text-editor\" data-id=\"93bb39b\" data-element_type=\"widget\" data-widget_type=\"text-editor.default\">\n\t\t\t\t<div class=\"elementor-widget-container\">\n\t\t\t\t\t\t\t\t\t<p class=\"p1\" style=\"margin: 0cm;\">Os SIMAR de Loures e Odivelas t\u00eam apostado na aquisi\u00e7\u00e3o de novos contentores de deposi\u00e7\u00e3o de res\u00edduos indiferenciados e de outros fluxos, com o objetivo de renovar, de forma progressiva, os que n\u00e3o se encontram nas melhores condi\u00e7\u00f5es de uso pela popula\u00e7\u00e3o.<\/p><p class=\"p1\" style=\"margin: 0cm;\">\u00a0<\/p><p class=\"p1\" style=\"margin: 0cm;\">Neste \u00e2mbito, no dia 22 de julho, vamos iniciar a substitui\u00e7\u00e3o de 280 contentores, nas seguintes zonas:<\/p><p class=\"p1\" style=\"margin: 0cm;\">\u00a0<\/p><p class=\"p1\" style=\"margin: 0cm;\">\u2022\u00a0\u00a0\u00a0\u00a0\u00a0\u00a0\u00a0\u00a0\u00a0 Quinta da Carochia &#8211; Ramada;<\/p><p class=\"p1\" style=\"margin: 0cm;\">\u2022\u00a0\u00a0\u00a0\u00a0\u00a0\u00a0\u00a0\u00a0\u00a0 Urbaniza\u00e7\u00e3o Jardim da Radial &#8211; Ramada;<\/p><p class=\"p1\" style=\"margin: 0cm;\">\u2022\u00a0\u00a0\u00a0\u00a0\u00a0\u00a0\u00a0\u00a0\u00a0 Casal do Chapim &#8211; Odivelas;<\/p><p class=\"p1\" style=\"margin: 0cm;\">\u2022\u00a0\u00a0\u00a0\u00a0\u00a0\u00a0\u00a0\u00a0\u00a0 Urbaniza\u00e7\u00e3o das Patameiras &#8211; Odivelas;<\/p><p class=\"p1\" style=\"margin: 0cm;\">\u2022\u00a0\u00a0\u00a0\u00a0\u00a0\u00a0\u00a0\u00a0\u00a0 Quinta do Mendes &#8211; Odivelas;<\/p><p class=\"p1\" style=\"margin: 0cm;\">\u2022\u00a0\u00a0\u00a0\u00a0\u00a0\u00a0\u00a0\u00a0\u00a0 Quinta Nova &#8211; Odivelas;<\/p><p class=\"p1\" style=\"margin: 0cm;\">\u2022\u00a0\u00a0\u00a0\u00a0\u00a0\u00a0\u00a0\u00a0\u00a0 Urbaniza\u00e7\u00e3o da Ribeirada &#8211; Odivelas;<\/p><p class=\"p1\" style=\"margin: 0cm;\">\u2022\u00a0\u00a0\u00a0\u00a0\u00a0\u00a0\u00a0\u00a0\u00a0 Arroja &#8211; Odivelas;<\/p><p class=\"p1\" style=\"margin: 0cm;\">\u2022\u00a0\u00a0\u00a0\u00a0\u00a0\u00a0\u00a0\u00a0\u00a0 Urbaniza\u00e7\u00e3o Colinas do Cruzeiro &#8211; Odivelas.<\/p><p class=\"p1\" style=\"margin: 0cm;\">\u00a0<\/p><p class=\"p1\" style=\"margin: 0cm;\">Estes novos contentores t\u00eam maior capacidade de deposi\u00e7\u00e3o, melhores caracter\u00edsticas de robustez e de acessibilidade.<\/p><p class=\"p1\" style=\"margin: 0cm;\">\u00a0<\/p><p class=\"p1\" style=\"margin: 0cm;\">Lamentamos quaisquer inc\u00f3modos que possam ser causados neste per\u00edodo e refor\u00e7amos que estamos a trabalhar para minimizar os impactos junto da popula\u00e7\u00e3o.<\/p><p class=\"p1\" style=\"margin: 0cm;\">\u00a0<\/p><p class=\"p1\" style=\"margin: 0cm;\">A melhoria cont\u00ednua na presta\u00e7\u00e3o dos nossos Servi\u00e7os, \u00e9 a prioridade!<\/p>\t\t\t\t\t\t\t\t<\/div>\n\t\t\t\t<\/div>\n\t\t\t\t\t<\/div>\n\t\t<\/div>\n\t\t\t\t\t<\/div>\n\t\t<\/section>\n\t\t\t\t<section class=\"elementor-section elementor-top-section elementor-element elementor-element-58491c9 elementor-section-boxed elementor-section-height-default elementor-section-height-default\" data-id=\"58491c9\" data-element_type=\"section\">\n\t\t\t\t\t\t<div class=\"elementor-container elementor-column-gap-default\">\n\t\t\t\t\t<div class=\"aux-parallax-section elementor-column elementor-col-50 elementor-top-column elementor-element elementor-element-62c11ef\" data-id=\"62c11ef\" data-element_type=\"column\">\n\t\t\t<div class=\"elementor-widget-wrap elementor-element-populated\">\n\t\t\t\t\t\t<div class=\"elementor-element elementor-element-bb88588 elementor-widget elementor-widget-image\" data-id=\"bb88588\" data-element_type=\"widget\" data-widget_type=\"image.default\">\n\t\t\t\t<div class=\"elementor-widget-container\">\n\t\t\t\t\t\t\t\t\t\t\t\t\t\t\t<img fetchpriority=\"high\" decoding=\"async\" width=\"2560\" height=\"1707\" src=\"https:\/\/www.simar-louresodivelas.pt\/wp-content\/uploads\/2025\/07\/3-scaled.jpg\" class=\"attachment-full size-full wp-image-32672\" alt=\"\" srcset=\"https:\/\/www.simar-louresodivelas.pt\/wp-content\/uploads\/2025\/07\/3-scaled.jpg 2560w, https:\/\/www.simar-louresodivelas.pt\/wp-content\/uploads\/2025\/07\/3-1536x1024.jpg 1536w, https:\/\/www.simar-louresodivelas.pt\/wp-content\/uploads\/2025\/07\/3-2048x1366.jpg 2048w\" sizes=\"(max-width: 2560px) 100vw, 2560px\" \/>\t\t\t\t\t\t\t\t\t\t\t\t\t\t\t<\/div>\n\t\t\t\t<\/div>\n\t\t\t\t\t<\/div>\n\t\t<\/div>\n\t\t\t\t<div class=\"aux-parallax-section elementor-column elementor-col-50 elementor-top-column elementor-element elementor-element-a812d56\" data-id=\"a812d56\" data-element_type=\"column\">\n\t\t\t<div class=\"elementor-widget-wrap elementor-element-populated\">\n\t\t\t\t\t\t<div class=\"elementor-element elementor-element-7000b71 elementor-widget elementor-widget-image\" data-id=\"7000b71\" data-element_type=\"widget\" data-widget_type=\"image.default\">\n\t\t\t\t<div class=\"elementor-widget-container\">\n\t\t\t\t\t\t\t\t\t\t\t\t\t\t\t<img decoding=\"async\" width=\"2560\" height=\"1707\" src=\"https:\/\/www.simar-louresodivelas.pt\/wp-content\/uploads\/2025\/07\/2-scaled.jpg\" class=\"attachment-full size-full wp-image-32671\" alt=\"\" srcset=\"https:\/\/www.simar-louresodivelas.pt\/wp-content\/uploads\/2025\/07\/2-scaled.jpg 2560w, https:\/\/www.simar-louresodivelas.pt\/wp-content\/uploads\/2025\/07\/2-1536x1024.jpg 1536w, https:\/\/www.simar-louresodivelas.pt\/wp-content\/uploads\/2025\/07\/2-2048x1366.jpg 2048w\" sizes=\"(max-width: 2560px) 100vw, 2560px\" \/>\t\t\t\t\t\t\t\t\t\t\t\t\t\t\t<\/div>\n\t\t\t\t<\/div>\n\t\t\t\t\t<\/div>\n\t\t<\/div>\n\t\t\t\t\t<\/div>\n\t\t<\/section>\n\t\t\t\t<section class=\"elementor-section elementor-top-section elementor-element elementor-element-b37276c elementor-section-boxed elementor-section-height-default elementor-section-height-default\" data-id=\"b37276c\" data-element_type=\"section\">\n\t\t\t\t\t\t<div class=\"elementor-container elementor-column-gap-default\">\n\t\t\t\t\t<div class=\"aux-parallax-section elementor-column elementor-col-50 elementor-top-column elementor-element elementor-element-7e2011a\" data-id=\"7e2011a\" data-element_type=\"column\">\n\t\t\t<div class=\"elementor-widget-wrap elementor-element-populated\">\n\t\t\t\t\t\t<div class=\"elementor-element elementor-element-f35dbc8 elementor-widget elementor-widget-image\" data-id=\"f35dbc8\" data-element_type=\"widget\" data-widget_type=\"image.default\">\n\t\t\t\t<div class=\"elementor-widget-container\">\n\t\t\t\t\t\t\t\t\t\t\t\t\t\t\t<img decoding=\"async\" width=\"2560\" height=\"1707\" src=\"https:\/\/www.simar-louresodivelas.pt\/wp-content\/uploads\/2025\/07\/1-scaled.jpg\" class=\"attachment-full size-full wp-image-32670\" alt=\"\" srcset=\"https:\/\/www.simar-louresodivelas.pt\/wp-content\/uploads\/2025\/07\/1-scaled.jpg 2560w, https:\/\/www.simar-louresodivelas.pt\/wp-content\/uploads\/2025\/07\/1-1536x1024.jpg 1536w, https:\/\/www.simar-louresodivelas.pt\/wp-content\/uploads\/2025\/07\/1-2048x1366.jpg 2048w\" sizes=\"(max-width: 2560px) 100vw, 2560px\" \/>\t\t\t\t\t\t\t\t\t\t\t\t\t\t\t<\/div>\n\t\t\t\t<\/div>\n\t\t\t\t\t<\/div>\n\t\t<\/div>\n\t\t\t\t<div class=\"aux-parallax-section elementor-column elementor-col-50 elementor-top-column elementor-element elementor-element-59fc0d5\" data-id=\"59fc0d5\" data-element_type=\"column\">\n\t\t\t<div class=\"elementor-widget-wrap elementor-element-populated\">\n\t\t\t\t\t\t<div class=\"elementor-element elementor-element-0be35bb elementor-widget elementor-widget-image\" data-id=\"0be35bb\" data-element_type=\"widget\" data-widget_type=\"image.default\">\n\t\t\t\t<div class=\"elementor-widget-container\">\n\t\t\t\t\t\t\t\t\t\t\t\t\t\t\t<img loading=\"lazy\" decoding=\"async\" width=\"2560\" height=\"1707\" src=\"https:\/\/www.simar-louresodivelas.pt\/wp-content\/uploads\/2025\/07\/4-scaled.jpg\" class=\"attachment-full size-full wp-image-32674\" alt=\"\" srcset=\"https:\/\/www.simar-louresodivelas.pt\/wp-content\/uploads\/2025\/07\/4-scaled.jpg 2560w, https:\/\/www.simar-louresodivelas.pt\/wp-content\/uploads\/2025\/07\/4-1536x1024.jpg 1536w, https:\/\/www.simar-louresodivelas.pt\/wp-content\/uploads\/2025\/07\/4-2048x1366.jpg 2048w\" sizes=\"(max-width: 2560px) 100vw, 2560px\" \/>\t\t\t\t\t\t\t\t\t\t\t\t\t\t\t<\/div>\n\t\t\t\t<\/div>\n\t\t\t\t\t<\/div>\n\t\t<\/div>\n\t\t\t\t\t<\/div>\n\t\t<\/section>\n\t\t\t\t<\/div>\n\t\t","protected":false},"excerpt":{"rendered":"<p>Os SIMAR de Loures e Odivelas t\u00eam apostado na aquisi\u00e7\u00e3o de novos contentores de deposi\u00e7\u00e3o de res\u00edduos indiferenciados e de outros fluxos, com o objetivo de renovar, de forma progressiva, os que n\u00e3o se encontram nas melhores condi\u00e7\u00f5es de uso pela popula\u00e7\u00e3o. \u00a0 Neste \u00e2mbito, no dia 22 de julho, vamos iniciar a substitui\u00e7\u00e3o de [&hellip;]<\/p>\n","protected":false},"author":3,"featured_media":32666,"comment_status":"closed","ping_status":"open","sticky":false,"template":"","format":"standard","meta":{"_monsterinsights_skip_tracking":false,"_monsterinsights_sitenote_active":false,"_monsterinsights_sitenote_note":"","_monsterinsights_sitenote_category":0,"_uf_show_specific_survey":0,"_uf_disable_surveys":false,"footnotes":""},"categories":[15],"tags":[],"class_list":["post-32668","post","type-post","status-publish","format-standard","has-post-thumbnail","hentry","category-historico"],"aioseo_notices":[],"_links":{"self":[{"href":"https:\/\/www.simar-louresodivelas.pt\/index.php\/wp-json\/wp\/v2\/posts\/32668","targetHints":{"allow":["GET"]}}],"collection":[{"href":"https:\/\/www.simar-louresodivelas.pt\/index.php\/wp-json\/wp\/v2\/posts"}],"about":[{"href":"https:\/\/www.simar-louresodivelas.pt\/index.php\/wp-json\/wp\/v2\/types\/post"}],"author":[{"embeddable":true,"href":"https:\/\/www.simar-louresodivelas.pt\/index.php\/wp-json\/wp\/v2\/users\/3"}],"replies":[{"embeddable":true,"href":"https:\/\/www.simar-louresodivelas.pt\/index.php\/wp-json\/wp\/v2\/comments?post=32668"}],"version-history":[{"count":5,"href":"https:\/\/www.simar-louresodivelas.pt\/index.php\/wp-json\/wp\/v2\/posts\/32668\/revisions"}],"predecessor-version":[{"id":33438,"href":"https:\/\/www.simar-louresodivelas.pt\/index.php\/wp-json\/wp\/v2\/posts\/32668\/revisions\/33438"}],"wp:featuredmedia":[{"embeddable":true,"href":"https:\/\/www.simar-louresodivelas.pt\/index.php\/wp-json\/wp\/v2\/media\/32666"}],"wp:attachment":[{"href":"https:\/\/www.simar-louresodivelas.pt\/index.php\/wp-json\/wp\/v2\/media?parent=32668"}],"wp:term":[{"taxonomy":"category","embeddable":true,"href":"https:\/\/www.simar-louresodivelas.pt\/index.php\/wp-json\/wp\/v2\/categories?post=32668"},{"taxonomy":"post_tag","embeddable":true,"href":"https:\/\/www.simar-louresodivelas.pt\/index.php\/wp-json\/wp\/v2\/tags?post=32668"}],"curies":[{"name":"wp","href":"https:\/\/api.w.org\/{rel}","templated":true}]}}