{"id":31976,"date":"2025-07-07T15:02:04","date_gmt":"2025-07-07T15:02:04","guid":{"rendered":"https:\/\/www.simar-louresodivelas.pt\/?p=31976"},"modified":"2025-07-11T08:16:24","modified_gmt":"2025-07-11T08:16:24","slug":"interrupcao-no-abastecimento-de-agua-entre-as-9h-e-as-18h-no-dia-10-de-julho-5a-feira-odivelas","status":"publish","type":"post","link":"https:\/\/www.simar-louresodivelas.pt\/index.php\/arquivo\/31976","title":{"rendered":"Interrup\u00e7\u00e3o no Abastecimento de \u00c1gua entre as 9h e as 18h no dia 10 de julho (5\u00aa feira) | Odivelas"},"content":{"rendered":"\t\t<div data-elementor-type=\"wp-post\" data-elementor-id=\"31976\" class=\"elementor elementor-31976\">\n\t\t\t\t\t\t<section class=\"elementor-section elementor-top-section elementor-element elementor-element-0f3a6b3 elementor-section-boxed elementor-section-height-default elementor-section-height-default\" data-id=\"0f3a6b3\" data-element_type=\"section\">\n\t\t\t\t\t\t<div class=\"elementor-container elementor-column-gap-default\">\n\t\t\t\t\t<div class=\"aux-parallax-section elementor-column elementor-col-100 elementor-top-column elementor-element elementor-element-e796502\" data-id=\"e796502\" data-element_type=\"column\">\n\t\t\t<div class=\"elementor-widget-wrap elementor-element-populated\">\n\t\t\t\t\t\t<div class=\"elementor-element elementor-element-93bb39b elementor-widget elementor-widget-text-editor\" data-id=\"93bb39b\" data-element_type=\"widget\" data-widget_type=\"text-editor.default\">\n\t\t\t\t<div class=\"elementor-widget-container\">\n\t\t\t\t\t\t\t\t\t<p>Na sequ\u00eancia de realiza\u00e7\u00e3o de trabalhos na rede de abastecimento de \u00e1gua, informamos:<\/p><p><strong>O ABASTECIMENTO SER\u00c1 INTERROMPIDO, PREVISIVELMENTE, ENTRE AS 9H E AS 18H, NO DIA 10 DE JULHO, NOS SEGUINTES LOCAIS:<\/strong><\/p><ul><li>Rua Combatentes do Ultramar (NR 9 e n\u00bas 3, 7, 9, 11, 13, 15, 17) e Largo Mateus Greg\u00f3rio Rodrigues da Costa (n\u00bas 4 e 5).<\/li><\/ul><p>\u00a0<\/p><p>Estamos a trabalhar, todos os dias, para melhorar as condi\u00e7\u00f5es de abastecimento de \u00e1gua nos concelhos de Loures e Odivelas.<\/p><p>Apelamos \u00e0 compreens\u00e3o de todos e lamentamos os transtornos causados.<\/p>\t\t\t\t\t\t\t\t<\/div>\n\t\t\t\t<\/div>\n\t\t\t\t\t<\/div>\n\t\t<\/div>\n\t\t\t\t\t<\/div>\n\t\t<\/section>\n\t\t\t\t<\/div>\n\t\t","protected":false},"excerpt":{"rendered":"<p>Na sequ\u00eancia de realiza\u00e7\u00e3o de trabalhos na rede de abastecimento de \u00e1gua, informamos: O ABASTECIMENTO SER\u00c1 INTERROMPIDO, PREVISIVELMENTE, ENTRE AS 9H E AS 18H, NO DIA 10 DE JULHO, NOS SEGUINTES LOCAIS: Rua Combatentes do Ultramar (NR 9 e n\u00bas 3, 7, 9, 11, 13, 15, 17) e Largo Mateus Greg\u00f3rio Rodrigues da Costa (n\u00bas [&hellip;]<\/p>\n","protected":false},"author":3,"featured_media":31977,"comment_status":"closed","ping_status":"open","sticky":false,"template":"","format":"standard","meta":{"_monsterinsights_skip_tracking":false,"_monsterinsights_sitenote_active":false,"_monsterinsights_sitenote_note":"","_monsterinsights_sitenote_category":0,"_uf_show_specific_survey":0,"_uf_disable_surveys":false,"footnotes":""},"categories":[32],"tags":[],"class_list":["post-31976","post","type-post","status-publish","format-standard","has-post-thumbnail","hentry","category-avisos-a-populacao"],"aioseo_notices":[],"_links":{"self":[{"href":"https:\/\/www.simar-louresodivelas.pt\/index.php\/wp-json\/wp\/v2\/posts\/31976","targetHints":{"allow":["GET"]}}],"collection":[{"href":"https:\/\/www.simar-louresodivelas.pt\/index.php\/wp-json\/wp\/v2\/posts"}],"about":[{"href":"https:\/\/www.simar-louresodivelas.pt\/index.php\/wp-json\/wp\/v2\/types\/post"}],"author":[{"embeddable":true,"href":"https:\/\/www.simar-louresodivelas.pt\/index.php\/wp-json\/wp\/v2\/users\/3"}],"replies":[{"embeddable":true,"href":"https:\/\/www.simar-louresodivelas.pt\/index.php\/wp-json\/wp\/v2\/comments?post=31976"}],"version-history":[{"count":4,"href":"https:\/\/www.simar-louresodivelas.pt\/index.php\/wp-json\/wp\/v2\/posts\/31976\/revisions"}],"predecessor-version":[{"id":31981,"href":"https:\/\/www.simar-louresodivelas.pt\/index.php\/wp-json\/wp\/v2\/posts\/31976\/revisions\/31981"}],"wp:featuredmedia":[{"embeddable":true,"href":"https:\/\/www.simar-louresodivelas.pt\/index.php\/wp-json\/wp\/v2\/media\/31977"}],"wp:attachment":[{"href":"https:\/\/www.simar-louresodivelas.pt\/index.php\/wp-json\/wp\/v2\/media?parent=31976"}],"wp:term":[{"taxonomy":"category","embeddable":true,"href":"https:\/\/www.simar-louresodivelas.pt\/index.php\/wp-json\/wp\/v2\/categories?post=31976"},{"taxonomy":"post_tag","embeddable":true,"href":"https:\/\/www.simar-louresodivelas.pt\/index.php\/wp-json\/wp\/v2\/tags?post=31976"}],"curies":[{"name":"wp","href":"https:\/\/api.w.org\/{rel}","templated":true}]}}