{"id":30360,"date":"2025-06-02T17:31:07","date_gmt":"2025-06-02T17:31:07","guid":{"rendered":"https:\/\/www.simar-louresodivelas.pt\/?p=30360"},"modified":"2025-06-18T09:58:24","modified_gmt":"2025-06-18T09:58:24","slug":"criancas-conhecem-o-simarzinho-a-nova-mascote-para-a-sensibilizacao-ambiental","status":"publish","type":"post","link":"https:\/\/www.simar-louresodivelas.pt\/index.php\/arquivo\/30360","title":{"rendered":"Crian\u00e7as conhecem o \u201cSimarzinho\u201d, a nova mascote para a sensibiliza\u00e7\u00e3o ambiental"},"content":{"rendered":"\t\t<div data-elementor-type=\"wp-post\" data-elementor-id=\"30360\" class=\"elementor elementor-30360\">\n\t\t\t\t\t\t<section class=\"elementor-section elementor-top-section elementor-element elementor-element-0f3a6b3 elementor-section-boxed elementor-section-height-default elementor-section-height-default\" data-id=\"0f3a6b3\" data-element_type=\"section\">\n\t\t\t\t\t\t<div class=\"elementor-container elementor-column-gap-default\">\n\t\t\t\t\t<div class=\"aux-parallax-section elementor-column elementor-col-100 elementor-top-column elementor-element elementor-element-e796502\" data-id=\"e796502\" data-element_type=\"column\">\n\t\t\t<div class=\"elementor-widget-wrap elementor-element-populated\">\n\t\t\t\t\t\t<div class=\"elementor-element elementor-element-93bb39b elementor-widget elementor-widget-text-editor\" data-id=\"93bb39b\" data-element_type=\"widget\" data-widget_type=\"text-editor.default\">\n\t\t\t\t<div class=\"elementor-widget-container\">\n\t\t\t\t\t\t\t\t\t<p class=\"xmsonormal\">Alegria, curiosidade e muito entusiasmo marcaram, hoje, a apresenta\u00e7\u00e3o da mascote <i>\u201cSimarzinho\u201d<\/i> \u00e0s crian\u00e7as da Associa\u00e7\u00e3o Comunit\u00e1ria Infantil e Juvenil da Ramada.<\/p><p class=\"xmsonormal\"><i>\u201cSimarzinho\u201d,<\/i> um simp\u00e1tico boneco inspirado na figura de um defensor da natureza, foi criado para aproximar os temas ambientais (como a poupan\u00e7a da \u00e1gua ou a separa\u00e7\u00e3o de res\u00edduos) do universo infantil.<\/p><p class=\"xmsonormal\">Com o seu visual colorido e miss\u00e3o bem definida, o <i>\u201cSimarzinho\u201d <\/i>promete tornar-se num aliado na dinamiza\u00e7\u00e3o de iniciativas sobre sustentabilidade ambiental. A ideia \u00e9 que as crian\u00e7as vejam no <i>\u201cSimarzinho\u201d<\/i> um amigo que ensina a brincar.\u00a0 A expectativa \u00e9 que contribua de forma significativa para transformar h\u00e1bitos e formar desde cedo cidad\u00e3os mais conscientes.<\/p>\t\t\t\t\t\t\t\t<\/div>\n\t\t\t\t<\/div>\n\t\t\t\t\t<\/div>\n\t\t<\/div>\n\t\t\t\t\t<\/div>\n\t\t<\/section>\n\t\t\t\t<section class=\"elementor-section elementor-top-section elementor-element elementor-element-6e08d41 elementor-section-boxed elementor-section-height-default elementor-section-height-default\" data-id=\"6e08d41\" data-element_type=\"section\">\n\t\t\t\t\t\t<div class=\"elementor-container elementor-column-gap-default\">\n\t\t\t\t\t<div class=\"aux-parallax-section elementor-column elementor-col-33 elementor-top-column elementor-element elementor-element-e14c5fe\" data-id=\"e14c5fe\" data-element_type=\"column\">\n\t\t\t<div class=\"elementor-widget-wrap elementor-element-populated\">\n\t\t\t\t\t\t<div class=\"elementor-element elementor-element-75b7fa3 elementor-widget elementor-widget-image\" data-id=\"75b7fa3\" data-element_type=\"widget\" data-widget_type=\"image.default\">\n\t\t\t\t<div class=\"elementor-widget-container\">\n\t\t\t\t\t\t\t\t\t\t\t\t\t\t\t<img fetchpriority=\"high\" decoding=\"async\" width=\"1200\" height=\"1600\" src=\"https:\/\/www.simar-louresodivelas.pt\/wp-content\/uploads\/2025\/06\/1.jpeg\" class=\"attachment-full size-full wp-image-30362\" alt=\"\" srcset=\"https:\/\/www.simar-louresodivelas.pt\/wp-content\/uploads\/2025\/06\/1.jpeg 1200w, https:\/\/www.simar-louresodivelas.pt\/wp-content\/uploads\/2025\/06\/1-1152x1536.jpeg 1152w\" sizes=\"(max-width: 1200px) 100vw, 1200px\" \/>\t\t\t\t\t\t\t\t\t\t\t\t\t\t\t<\/div>\n\t\t\t\t<\/div>\n\t\t\t\t\t<\/div>\n\t\t<\/div>\n\t\t\t\t<div class=\"aux-parallax-section elementor-column elementor-col-66 elementor-top-column elementor-element elementor-element-f7439bc\" data-id=\"f7439bc\" data-element_type=\"column\">\n\t\t\t<div class=\"elementor-widget-wrap elementor-element-populated\">\n\t\t\t\t\t\t<div class=\"elementor-element elementor-element-4dfa1b1 elementor-widget elementor-widget-image\" data-id=\"4dfa1b1\" data-element_type=\"widget\" data-widget_type=\"image.default\">\n\t\t\t\t<div class=\"elementor-widget-container\">\n\t\t\t\t\t\t\t\t\t\t\t\t\t\t\t<img decoding=\"async\" src=\"https:\/\/www.simar-louresodivelas.pt\/wp-content\/uploads\/elementor\/thumbs\/77-r6q5ikxhunocxhgjf6yu41hlgfs3wdpc6wdjq6lw2u.jpg\" title=\"77\" alt=\"77\" loading=\"lazy\" \/>\t\t\t\t\t\t\t\t\t\t\t\t\t\t\t<\/div>\n\t\t\t\t<\/div>\n\t\t\t\t\t<\/div>\n\t\t<\/div>\n\t\t\t\t\t<\/div>\n\t\t<\/section>\n\t\t\t\t<\/div>\n\t\t","protected":false},"excerpt":{"rendered":"<p>Alegria, curiosidade e muito entusiasmo marcaram, hoje, a apresenta\u00e7\u00e3o da mascote \u201cSimarzinho\u201d \u00e0s crian\u00e7as da Associa\u00e7\u00e3o Comunit\u00e1ria Infantil e Juvenil da Ramada. \u201cSimarzinho\u201d, um simp\u00e1tico boneco inspirado na figura de um defensor da natureza, foi criado para aproximar os temas ambientais (como a poupan\u00e7a da \u00e1gua ou a separa\u00e7\u00e3o de res\u00edduos) do universo infantil. Com [&hellip;]<\/p>\n","protected":false},"author":3,"featured_media":30372,"comment_status":"closed","ping_status":"open","sticky":false,"template":"","format":"standard","meta":{"_monsterinsights_skip_tracking":false,"_monsterinsights_sitenote_active":false,"_monsterinsights_sitenote_note":"","_monsterinsights_sitenote_category":0,"_uf_show_specific_survey":0,"_uf_disable_surveys":false,"footnotes":""},"categories":[39,15],"tags":[],"class_list":["post-30360","post","type-post","status-publish","format-standard","has-post-thumbnail","hentry","category-eventos_simarzinho","category-historico"],"aioseo_notices":[],"_links":{"self":[{"href":"https:\/\/www.simar-louresodivelas.pt\/index.php\/wp-json\/wp\/v2\/posts\/30360","targetHints":{"allow":["GET"]}}],"collection":[{"href":"https:\/\/www.simar-louresodivelas.pt\/index.php\/wp-json\/wp\/v2\/posts"}],"about":[{"href":"https:\/\/www.simar-louresodivelas.pt\/index.php\/wp-json\/wp\/v2\/types\/post"}],"author":[{"embeddable":true,"href":"https:\/\/www.simar-louresodivelas.pt\/index.php\/wp-json\/wp\/v2\/users\/3"}],"replies":[{"embeddable":true,"href":"https:\/\/www.simar-louresodivelas.pt\/index.php\/wp-json\/wp\/v2\/comments?post=30360"}],"version-history":[{"count":7,"href":"https:\/\/www.simar-louresodivelas.pt\/index.php\/wp-json\/wp\/v2\/posts\/30360\/revisions"}],"predecessor-version":[{"id":30377,"href":"https:\/\/www.simar-louresodivelas.pt\/index.php\/wp-json\/wp\/v2\/posts\/30360\/revisions\/30377"}],"wp:featuredmedia":[{"embeddable":true,"href":"https:\/\/www.simar-louresodivelas.pt\/index.php\/wp-json\/wp\/v2\/media\/30372"}],"wp:attachment":[{"href":"https:\/\/www.simar-louresodivelas.pt\/index.php\/wp-json\/wp\/v2\/media?parent=30360"}],"wp:term":[{"taxonomy":"category","embeddable":true,"href":"https:\/\/www.simar-louresodivelas.pt\/index.php\/wp-json\/wp\/v2\/categories?post=30360"},{"taxonomy":"post_tag","embeddable":true,"href":"https:\/\/www.simar-louresodivelas.pt\/index.php\/wp-json\/wp\/v2\/tags?post=30360"}],"curies":[{"name":"wp","href":"https:\/\/api.w.org\/{rel}","templated":true}]}}