{"id":28912,"date":"2025-04-09T11:22:47","date_gmt":"2025-04-09T11:22:47","guid":{"rendered":"https:\/\/www.simar-louresodivelas.pt\/?p=28912"},"modified":"2025-04-15T09:18:23","modified_gmt":"2025-04-15T09:18:23","slug":"interrupcao-no-abastecimento-de-agua-entre-as-9h-e-as-24h-de-dia-14-de-abril-segunda-feira-odivelas-pontinha-e-famoes","status":"publish","type":"post","link":"https:\/\/www.simar-louresodivelas.pt\/index.php\/arquivo\/28912","title":{"rendered":"ATUALIZA\u00c7\u00c3O &#8211; Interrup\u00e7\u00e3o no Abastecimento de \u00c1gua &#8211; Entre as 9h e as 24h de dia 14 de abril (segunda-feira)  &#8211; Odivelas, Pontinha e Fam\u00f5es"},"content":{"rendered":"\t\t<div data-elementor-type=\"wp-post\" data-elementor-id=\"28912\" class=\"elementor elementor-28912\">\n\t\t\t\t\t\t<section class=\"elementor-section elementor-top-section elementor-element elementor-element-df9391e elementor-section-boxed elementor-section-height-default elementor-section-height-default\" data-id=\"df9391e\" data-element_type=\"section\">\n\t\t\t\t\t\t<div class=\"elementor-container elementor-column-gap-default\">\n\t\t\t\t\t<div class=\"aux-parallax-section elementor-column elementor-col-100 elementor-top-column elementor-element elementor-element-a1a147e\" data-id=\"a1a147e\" data-element_type=\"column\">\n\t\t\t<div class=\"elementor-widget-wrap elementor-element-populated\">\n\t\t\t\t\t\t<div class=\"elementor-element elementor-element-330863d elementor-widget elementor-widget-text-editor\" data-id=\"330863d\" data-element_type=\"widget\" data-widget_type=\"text-editor.default\">\n\t\t\t\t<div class=\"elementor-widget-container\">\n\t\t\t\t\t\t\t\t\t<p>ATUALIZA\u00c7\u00c3O<\/p><p>Informamos que a interven\u00e7\u00e3o na rede de abastecimento de \u00e1gua est\u00e1 conclu\u00edda e o abastecimento de \u00e1gua normalizado.<br \/><br \/>Agradecemos a compreens\u00e3o.<\/p><p>\u00a0 \u00a0 \u00a0 \u00a0 \u00a0 \u00a0 \u00a0 \u00a0 \u00a0 \u00a0 \u00a0 \u00a0 \u00a0 \u00a0 \u00a0 \u00a0 \u00a0 \u00a0 ***<\/p><p>A interven\u00e7\u00e3o que teve in\u00edcio, no dia 10 de mar\u00e7o de 2025, com o objetivo de requalifica\u00e7\u00e3o total do Reservat\u00f3rio do Alvito, infraestrutura essencial para o fornecimento de \u00e1gua a cerca de 15.000 pessoas, ser\u00e1 conclu\u00edda no dia 14 de abril de 2025.<\/p><p>Neste sentido, informamos:<\/p><p><strong>O ABASTECIMENTO DE \u00c1GUA SER\u00c1 INTERROMPIDO, PREVISIVELMENTE, ENTRE AS 8H E AS 24H, NO DIA 14 DE ABRIL DE 2025.<\/strong><\/p><p><strong><span style=\"color: #0000ff;\">LOCAIS ABRANGIDOS EM ODIVELAS:<\/span><\/strong><\/p><p><strong>BAIRRO QUINTA DA FONTE:<\/strong> Rua Ant\u00f3nio de Freitas.<\/p><p><strong>ODIVELAS:<\/strong> Travessa Bulh\u00e3o Pato, Rua Augusto Gil, Rua Dr. Sid\u00f3nio Pais, Rua Dr. Ant\u00f3nio Prior do Crato, Rua Ant\u00f3nio Nobre, Rua Stig Husted-Andersen, Rua Gil Vicente, Rua Lobito, Rua S. Jos\u00e9, Rua Ces\u00e1rio Verde, Rua Jo\u00e3o das Regras e Rua Duque da Terceira.<\/p><p><strong>PATAMEIRAS:<\/strong> Rua Ant\u00f3nio Feij\u00f3, Praceta Alexandre O\u2019Neill, Rua da Pai\u00e3, Rua Antero de Quental, Rua Actor Jos\u00e9 Camacho Costa e Rua Sebasti\u00e3o da Gama.<\/p><p><strong>URBANIZA\u00c7\u00c3O COLINAS DO CRUZEIRO:<\/strong> Rua Pulido Valente, Avenida Miguel Torga, Rua Francisco Sanches, Rua Alfredo da Costa, Rua Gama Pinto, Praceta \u00c1lvaro Ant\u00f3nio Pinheiro Rodrigues, Pra\u00e7a Cidade de Odivelas, Praceta Afonso Dinis de Portugal, Avenida Magalh\u00e3es Coutinho, Rua Fernando Namora, Rua M\u00e1rio Moreira, Travessa Greg\u00f3rio Rodrigues Fernandes, Rua Jo\u00e3o Maria Porto, Avenida Reinaldo dos Santos, Praceta Fernando de Almeida, Praceta Manuel \u00c1lvares, Praceta Ladislau Patr\u00edcio, Praceta Aleixo Abreu, Praceta Tiago Augusto de Almeida, Rua Silva Carvalho, Rua Crist\u00f3v\u00e3o da Costa, Rua Maria Jos\u00e9 Cardo, Praceta de Portugal, Rua Augusto da Cunha Lamas, Rua Antero de Quental, Rua Diogo Guilherme Silva Alves Furtado, Avenida das Ac\u00e1cias, Praceta Jos\u00e9 Maria Bomtempo, Rua Eus\u00e9bio Le\u00e3o, Praceta Manuel Nazar\u00e9 Cordeiro Ferreira, Praceta Francisco Cambournac, Rua Rodrigo Paganino, Travessa Augusto da Cunha Lamas e Alameda do Porto Pinheiro.<\/p><p><strong>URBANIZA\u00c7\u00c3O DOS POMBAIS:<\/strong> Praceta Sacadura Cabral, Rua Gago Coutinho e Rua S. Pedro.<\/p><p><strong><span style=\"color: #0000ff;\">LOCAIS ABRANGIDOS EM PONTINHA:<\/span><\/strong><\/p><p><strong>BAIRRO SANTO ANT\u00d3NIO DA URMEIRA:<\/strong> Rua de Santo Ant\u00f3nio.<\/p><p><strong>PORTO PAI\u00c3:<\/strong> Estrada da Pai\u00e3, Rua Projetada \u00e0 Estrada de Pai\u00e3, Rua Quinta da Caba\u00e7a e Avenida Jos\u00e9 Francisco Guerreiro.<\/p><p><strong>SERRA DA LUZ:<\/strong> Rua Padre Am\u00e9rico Monteiro de Aguiar.<\/p><p><strong>URMEIRA:<\/strong> Bairro S\u00e3o Jos\u00e9, Bairro Santa Maria, Quinta do Enforcado, Bairro da Urmeira e Rua da Urmeira.<\/p><p><strong>ZONA INDUSTRIAL DA PAI\u00c3:<\/strong> Estrada da Pai\u00e3, Rua Casal dos Moinhos, Rua Particular \u00e0 Quinta das Urmeiras, Rua Ribeira do Troca, Rua Serra das Umbelinas, Impasse \u00e0 Avenida Jos\u00e9 Francisco Guerreiro, Rua Quinta da Moita e Rua Quinta das Lamas.<\/p><p><strong><span style=\"color: #0000ff;\">LOCAIS ABRANGIDOS EM FAM\u00d5ES:<\/span><\/strong><\/p><p><strong>FAM\u00d5ES:<\/strong> Rua Filipa Vacondeus, Avenida das Oliveira e Avenida Dr. Ant\u00f3nio Manuel Silva Marques.<\/p><p><strong>QUINTA DA RAPOSEIRA:<\/strong> Avenida Ant\u00f3nio dos Santos Rodrigues e Rua Ver\u00edssimo Sim Sim.<\/p><p><strong>URBANIZA\u00c7\u00c3O MOINHOS DO CRUZEIRO:<\/strong> Rua Embaixador Aristides de Sousa Mendes, Praceta dos Girass\u00f3is e Avenida Dr. Salgado Zenha.<\/p><p>Estamos a trabalhar, todos os dias, para melhorar as condi\u00e7\u00f5es de abastecimento de \u00e1gua nos concelhos de Loures e Odivelas.<\/p><p>Apelamos \u00e0 compreens\u00e3o de todos e lamentamos os transtornos causados.<\/p>\t\t\t\t\t\t\t\t<\/div>\n\t\t\t\t<\/div>\n\t\t\t\t\t<\/div>\n\t\t<\/div>\n\t\t\t\t\t<\/div>\n\t\t<\/section>\n\t\t\t\t<\/div>\n\t\t","protected":false},"excerpt":{"rendered":"<p>ATUALIZA\u00c7\u00c3O Informamos que a interven\u00e7\u00e3o na rede de abastecimento de \u00e1gua est\u00e1 conclu\u00edda e o abastecimento de \u00e1gua normalizado. Agradecemos a compreens\u00e3o. \u00a0 \u00a0 \u00a0 \u00a0 \u00a0 \u00a0 \u00a0 \u00a0 \u00a0 \u00a0 \u00a0 \u00a0 \u00a0 \u00a0 \u00a0 \u00a0 \u00a0 \u00a0 *** A interven\u00e7\u00e3o que teve in\u00edcio, no dia 10 de mar\u00e7o de 2025, com o [&hellip;]<\/p>\n","protected":false},"author":3,"featured_media":28913,"comment_status":"closed","ping_status":"open","sticky":false,"template":"","format":"standard","meta":{"_monsterinsights_skip_tracking":false,"_monsterinsights_sitenote_active":false,"_monsterinsights_sitenote_note":"","_monsterinsights_sitenote_category":0,"_uf_show_specific_survey":0,"_uf_disable_surveys":false,"footnotes":""},"categories":[32],"tags":[],"class_list":["post-28912","post","type-post","status-publish","format-standard","has-post-thumbnail","hentry","category-avisos-a-populacao"],"aioseo_notices":[],"_links":{"self":[{"href":"https:\/\/www.simar-louresodivelas.pt\/index.php\/wp-json\/wp\/v2\/posts\/28912","targetHints":{"allow":["GET"]}}],"collection":[{"href":"https:\/\/www.simar-louresodivelas.pt\/index.php\/wp-json\/wp\/v2\/posts"}],"about":[{"href":"https:\/\/www.simar-louresodivelas.pt\/index.php\/wp-json\/wp\/v2\/types\/post"}],"author":[{"embeddable":true,"href":"https:\/\/www.simar-louresodivelas.pt\/index.php\/wp-json\/wp\/v2\/users\/3"}],"replies":[{"embeddable":true,"href":"https:\/\/www.simar-louresodivelas.pt\/index.php\/wp-json\/wp\/v2\/comments?post=28912"}],"version-history":[{"count":8,"href":"https:\/\/www.simar-louresodivelas.pt\/index.php\/wp-json\/wp\/v2\/posts\/28912\/revisions"}],"predecessor-version":[{"id":29014,"href":"https:\/\/www.simar-louresodivelas.pt\/index.php\/wp-json\/wp\/v2\/posts\/28912\/revisions\/29014"}],"wp:featuredmedia":[{"embeddable":true,"href":"https:\/\/www.simar-louresodivelas.pt\/index.php\/wp-json\/wp\/v2\/media\/28913"}],"wp:attachment":[{"href":"https:\/\/www.simar-louresodivelas.pt\/index.php\/wp-json\/wp\/v2\/media?parent=28912"}],"wp:term":[{"taxonomy":"category","embeddable":true,"href":"https:\/\/www.simar-louresodivelas.pt\/index.php\/wp-json\/wp\/v2\/categories?post=28912"},{"taxonomy":"post_tag","embeddable":true,"href":"https:\/\/www.simar-louresodivelas.pt\/index.php\/wp-json\/wp\/v2\/tags?post=28912"}],"curies":[{"name":"wp","href":"https:\/\/api.w.org\/{rel}","templated":true}]}}