{"id":28631,"date":"2025-03-28T11:56:22","date_gmt":"2025-03-28T11:56:22","guid":{"rendered":"https:\/\/www.simar-louresodivelas.pt\/?p=28631"},"modified":"2025-05-30T14:47:12","modified_gmt":"2025-05-30T14:47:12","slug":"acao-de-sensibilizacao-na-escola-basica-d-dinis-em-odivelas","status":"publish","type":"post","link":"https:\/\/www.simar-louresodivelas.pt\/index.php\/arquivo\/28631","title":{"rendered":"A\u00e7\u00e3o de sensibiliza\u00e7\u00e3o na Escola B\u00e1sica D. Dinis em Odivelas"},"content":{"rendered":"\t\t<div data-elementor-type=\"wp-post\" data-elementor-id=\"28631\" class=\"elementor elementor-28631\">\n\t\t\t\t\t\t<section class=\"elementor-section elementor-top-section elementor-element elementor-element-0f3a6b3 elementor-section-boxed elementor-section-height-default elementor-section-height-default\" data-id=\"0f3a6b3\" data-element_type=\"section\">\n\t\t\t\t\t\t<div class=\"elementor-container elementor-column-gap-default\">\n\t\t\t\t\t<div class=\"aux-parallax-section elementor-column elementor-col-100 elementor-top-column elementor-element elementor-element-e796502\" data-id=\"e796502\" data-element_type=\"column\">\n\t\t\t<div class=\"elementor-widget-wrap elementor-element-populated\">\n\t\t\t\t\t\t<div class=\"elementor-element elementor-element-93bb39b elementor-widget elementor-widget-text-editor\" data-id=\"93bb39b\" data-element_type=\"widget\" data-widget_type=\"text-editor.default\">\n\t\t\t\t<div class=\"elementor-widget-container\">\n\t\t\t\t\t\t\t\t\t<p>Com o objetivo de sensibilizar para a qualidade da \u00e1gua da rede p\u00fablica e para o seu consumo sustent\u00e1vel, os SIMAR estiveram presentes, no dia 26 de mar\u00e7o, na Escola B\u00e1sica D. Dinis, em Odivelas, onde promoveram, junto dos alunos, a\u00e7\u00f5es l\u00fadico-pedag\u00f3gicas de educa\u00e7\u00e3o e sensibiliza\u00e7\u00e3o ambiental.<\/p><p>Estas a\u00e7\u00f5es, alinhadas com a Estrat\u00e9gia Nacional de Educa\u00e7\u00e3o Ambiental, d\u00e3o a conhecer as \u00e1reas de atua\u00e7\u00e3o dos Servi\u00e7os de forma criativa, fomentando valores e atitudes centradas no respeito pela natureza e recursos naturais.<\/p><p>Os SIMAR refor\u00e7am a aposta na sensibiliza\u00e7\u00e3o ambiental e pretendem, ainda, incentivar comportamentos ambientalmente sustent\u00e1veis e mobilizar a participa\u00e7\u00e3o ativa dos cidad\u00e3os para mitigar o impacto ambiental.<\/p>\t\t\t\t\t\t\t\t<\/div>\n\t\t\t\t<\/div>\n\t\t\t\t\t<\/div>\n\t\t<\/div>\n\t\t\t\t\t<\/div>\n\t\t<\/section>\n\t\t\t\t<section class=\"elementor-section elementor-top-section elementor-element elementor-element-e784546 elementor-section-boxed elementor-section-height-default elementor-section-height-default\" data-id=\"e784546\" data-element_type=\"section\">\n\t\t\t\t\t\t<div class=\"elementor-container elementor-column-gap-default\">\n\t\t\t\t\t<div class=\"aux-parallax-section elementor-column elementor-col-50 elementor-top-column elementor-element elementor-element-a3bd83c\" data-id=\"a3bd83c\" data-element_type=\"column\">\n\t\t\t<div class=\"elementor-widget-wrap elementor-element-populated\">\n\t\t\t\t\t\t<div class=\"elementor-element elementor-element-5ae8db2 elementor-widget elementor-widget-image\" data-id=\"5ae8db2\" data-element_type=\"widget\" data-widget_type=\"image.default\">\n\t\t\t\t<div class=\"elementor-widget-container\">\n\t\t\t\t\t\t\t\t\t\t\t\t\t\t\t<img fetchpriority=\"high\" decoding=\"async\" width=\"768\" height=\"768\" src=\"https:\/\/www.simar-louresodivelas.pt\/wp-content\/uploads\/2025\/03\/sensibilizacao-768x768.jpg\" class=\"attachment-medium_large size-medium_large wp-image-28635\" alt=\"\" srcset=\"https:\/\/www.simar-louresodivelas.pt\/wp-content\/uploads\/2025\/03\/sensibilizacao-768x768.jpg 768w, https:\/\/www.simar-louresodivelas.pt\/wp-content\/uploads\/2025\/03\/sensibilizacao-300x300.jpg 300w, https:\/\/www.simar-louresodivelas.pt\/wp-content\/uploads\/2025\/03\/sensibilizacao-1024x1024.jpg 1024w, https:\/\/www.simar-louresodivelas.pt\/wp-content\/uploads\/2025\/03\/sensibilizacao-150x150.jpg 150w\" sizes=\"(max-width: 768px) 100vw, 768px\" \/>\t\t\t\t\t\t\t\t\t\t\t\t\t\t\t<\/div>\n\t\t\t\t<\/div>\n\t\t\t\t\t<\/div>\n\t\t<\/div>\n\t\t\t\t<div class=\"aux-parallax-section elementor-column elementor-col-50 elementor-top-column elementor-element elementor-element-1ba2909\" data-id=\"1ba2909\" data-element_type=\"column\">\n\t\t\t<div class=\"elementor-widget-wrap elementor-element-populated\">\n\t\t\t\t\t\t<div class=\"elementor-element elementor-element-c25727c elementor-widget elementor-widget-image\" data-id=\"c25727c\" data-element_type=\"widget\" data-widget_type=\"image.default\">\n\t\t\t\t<div class=\"elementor-widget-container\">\n\t\t\t\t\t\t\t\t\t\t\t\t\t\t\t<img decoding=\"async\" width=\"768\" height=\"768\" src=\"https:\/\/www.simar-louresodivelas.pt\/wp-content\/uploads\/2025\/03\/sensibilizacao-2-768x768.jpg\" class=\"attachment-medium_large size-medium_large wp-image-28634\" alt=\"\" srcset=\"https:\/\/www.simar-louresodivelas.pt\/wp-content\/uploads\/2025\/03\/sensibilizacao-2-768x768.jpg 768w, https:\/\/www.simar-louresodivelas.pt\/wp-content\/uploads\/2025\/03\/sensibilizacao-2-300x300.jpg 300w, https:\/\/www.simar-louresodivelas.pt\/wp-content\/uploads\/2025\/03\/sensibilizacao-2-1024x1024.jpg 1024w, https:\/\/www.simar-louresodivelas.pt\/wp-content\/uploads\/2025\/03\/sensibilizacao-2-150x150.jpg 150w\" sizes=\"(max-width: 768px) 100vw, 768px\" \/>\t\t\t\t\t\t\t\t\t\t\t\t\t\t\t<\/div>\n\t\t\t\t<\/div>\n\t\t\t\t\t<\/div>\n\t\t<\/div>\n\t\t\t\t\t<\/div>\n\t\t<\/section>\n\t\t\t\t<\/div>\n\t\t","protected":false},"excerpt":{"rendered":"<p>Com o objetivo de sensibilizar para a qualidade da \u00e1gua da rede p\u00fablica e para o seu consumo sustent\u00e1vel, os SIMAR estiveram presentes, no dia 26 de mar\u00e7o, na Escola B\u00e1sica D. Dinis, em Odivelas, onde promoveram, junto dos alunos, a\u00e7\u00f5es l\u00fadico-pedag\u00f3gicas de educa\u00e7\u00e3o e sensibiliza\u00e7\u00e3o ambiental. Estas a\u00e7\u00f5es, alinhadas com a Estrat\u00e9gia Nacional de [&hellip;]<\/p>\n","protected":false},"author":3,"featured_media":28632,"comment_status":"closed","ping_status":"open","sticky":false,"template":"","format":"standard","meta":{"_monsterinsights_skip_tracking":false,"_monsterinsights_sitenote_active":false,"_monsterinsights_sitenote_note":"","_monsterinsights_sitenote_category":0,"_uf_show_specific_survey":0,"_uf_disable_surveys":false,"footnotes":""},"categories":[32],"tags":[],"class_list":["post-28631","post","type-post","status-publish","format-standard","has-post-thumbnail","hentry","category-avisos-a-populacao"],"aioseo_notices":[],"_links":{"self":[{"href":"https:\/\/www.simar-louresodivelas.pt\/index.php\/wp-json\/wp\/v2\/posts\/28631","targetHints":{"allow":["GET"]}}],"collection":[{"href":"https:\/\/www.simar-louresodivelas.pt\/index.php\/wp-json\/wp\/v2\/posts"}],"about":[{"href":"https:\/\/www.simar-louresodivelas.pt\/index.php\/wp-json\/wp\/v2\/types\/post"}],"author":[{"embeddable":true,"href":"https:\/\/www.simar-louresodivelas.pt\/index.php\/wp-json\/wp\/v2\/users\/3"}],"replies":[{"embeddable":true,"href":"https:\/\/www.simar-louresodivelas.pt\/index.php\/wp-json\/wp\/v2\/comments?post=28631"}],"version-history":[{"count":4,"href":"https:\/\/www.simar-louresodivelas.pt\/index.php\/wp-json\/wp\/v2\/posts\/28631\/revisions"}],"predecessor-version":[{"id":28638,"href":"https:\/\/www.simar-louresodivelas.pt\/index.php\/wp-json\/wp\/v2\/posts\/28631\/revisions\/28638"}],"wp:featuredmedia":[{"embeddable":true,"href":"https:\/\/www.simar-louresodivelas.pt\/index.php\/wp-json\/wp\/v2\/media\/28632"}],"wp:attachment":[{"href":"https:\/\/www.simar-louresodivelas.pt\/index.php\/wp-json\/wp\/v2\/media?parent=28631"}],"wp:term":[{"taxonomy":"category","embeddable":true,"href":"https:\/\/www.simar-louresodivelas.pt\/index.php\/wp-json\/wp\/v2\/categories?post=28631"},{"taxonomy":"post_tag","embeddable":true,"href":"https:\/\/www.simar-louresodivelas.pt\/index.php\/wp-json\/wp\/v2\/tags?post=28631"}],"curies":[{"name":"wp","href":"https:\/\/api.w.org\/{rel}","templated":true}]}}