{"id":27246,"date":"2025-02-12T09:57:16","date_gmt":"2025-02-12T09:57:16","guid":{"rendered":"https:\/\/www.simar-louresodivelas.pt\/?p=27246"},"modified":"2025-04-24T08:55:25","modified_gmt":"2025-04-24T08:55:25","slug":"aplicacao-da-taxa-de-recursos-hidricos-e-taxa-de-gestao-de-residuos","status":"publish","type":"post","link":"https:\/\/www.simar-louresodivelas.pt\/index.php\/arquivo\/27246","title":{"rendered":"Aplica\u00e7\u00e3o da taxa de recursos h\u00eddricos e taxa de gest\u00e3o de res\u00edduos"},"content":{"rendered":"\t\t<div data-elementor-type=\"wp-post\" data-elementor-id=\"27246\" class=\"elementor elementor-27246\">\n\t\t\t\t\t\t<section class=\"elementor-section elementor-top-section elementor-element elementor-element-df9391e elementor-section-boxed elementor-section-height-default elementor-section-height-default\" data-id=\"df9391e\" data-element_type=\"section\">\n\t\t\t\t\t\t<div class=\"elementor-container elementor-column-gap-default\">\n\t\t\t\t\t<div class=\"aux-parallax-section elementor-column elementor-col-100 elementor-top-column elementor-element elementor-element-a1a147e\" data-id=\"a1a147e\" data-element_type=\"column\">\n\t\t\t<div class=\"elementor-widget-wrap elementor-element-populated\">\n\t\t\t\t\t\t<div class=\"elementor-element elementor-element-330863d elementor-widget elementor-widget-text-editor\" data-id=\"330863d\" data-element_type=\"widget\" data-widget_type=\"text-editor.default\">\n\t\t\t\t<div class=\"elementor-widget-container\">\n\t\t\t\t\t\t\t\t\t<p>A taxa de recursos h\u00eddricos, segundo o decreto-lei n.\u00ba 97\/2008 de 11 de junho, alterado e republicado pelo Decreto-Lei 46\/2017, de 03 de maio, visa compensar o benef\u00edcio que resulta da utiliza\u00e7\u00e3o privativa do dom\u00ednio p\u00fablico h\u00eddrico, o custo ambiental inerente \u00e0s atividades suscet\u00edveis de causar um impacte significativo nos recursos h\u00eddricos, bem como os custos administrativos inerentes ao planeamento, gest\u00e3o, fiscaliza\u00e7\u00e3o e garantia da quantidade e qualidade das \u00e1guas.<\/p><p>A taxa de gest\u00e3o de res\u00edduos, segundo o decreto-lei n.\u00ba 178\/2006 de 05 de setembro, visa compensar os custos administrativos de acompanhamento das respetivas atividades e estimular o cumprimento dos objetivos nacionais em mat\u00e9ria de gest\u00e3o de res\u00edduos.<\/p><p>De acordo com a legisla\u00e7\u00e3o em vigor cabe \u00e0 entidade gestora a imputa\u00e7\u00e3o das referidas taxas aos consumidores finais, pelo que se informa que as mesmas ser\u00e3o aplicadas, em 2025, em valores por m\u00b3 de \u00e1gua consumida, de acordo com o seguinte:<\/p><p style=\"padding-left: 80px;\"><strong>TRH -Taxa de Recursos H\u00eddricos (DL n.\u00ba 97\/2008 de 11 de junho)<\/strong><\/p><p style=\"padding-left: 160px;\">Servi\u00e7o de Abastecimento de \u00c1gua &#8230;&#8230;&#8230;&#8230;&#8230;&#8230;&#8230;&#8230;&#8230;&#8230;&#8230;&#8230;&#8230;&#8230;&#8230;&#8230;&#8230;&#8230;. 0,0418\u20ac<br \/>Servi\u00e7o de Saneamento &#8230;&#8230;&#8230;&#8230;&#8230;&#8230;&#8230;&#8230;&#8230;&#8230;&#8230;&#8230;&#8230;&#8230;&#8230;&#8230;&#8230;&#8230;&#8230;&#8230;&#8230;&#8230;&#8230;. 0,0118\u20ac<\/p><p style=\"padding-left: 80px;\"><strong>TGR &#8211; Taxa de Gest\u00e3o de Res\u00edduos (DL n.\u00ba 178\/2006 de 05 de setembro)<\/strong> &#8230;&#8230;&#8230;&#8230;&#8230; 0,0708\u20ac<\/p>\t\t\t\t\t\t\t\t<\/div>\n\t\t\t\t<\/div>\n\t\t\t\t\t<\/div>\n\t\t<\/div>\n\t\t\t\t\t<\/div>\n\t\t<\/section>\n\t\t\t\t<\/div>\n\t\t","protected":false},"excerpt":{"rendered":"<p>A taxa de recursos h\u00eddricos, segundo o decreto-lei n.\u00ba 97\/2008 de 11 de junho, alterado e republicado pelo Decreto-Lei 46\/2017, de 03 de maio, visa compensar o benef\u00edcio que resulta da utiliza\u00e7\u00e3o privativa do dom\u00ednio p\u00fablico h\u00eddrico, o custo ambiental inerente \u00e0s atividades suscet\u00edveis de causar um impacte significativo nos recursos h\u00eddricos, bem como os [&hellip;]<\/p>\n","protected":false},"author":3,"featured_media":27268,"comment_status":"closed","ping_status":"open","sticky":false,"template":"","format":"standard","meta":{"_monsterinsights_skip_tracking":false,"_monsterinsights_sitenote_active":false,"_monsterinsights_sitenote_note":"","_monsterinsights_sitenote_category":0,"_uf_show_specific_survey":0,"_uf_disable_surveys":false,"footnotes":""},"categories":[15],"tags":[],"class_list":["post-27246","post","type-post","status-publish","format-standard","has-post-thumbnail","hentry","category-historico"],"aioseo_notices":[],"_links":{"self":[{"href":"https:\/\/www.simar-louresodivelas.pt\/index.php\/wp-json\/wp\/v2\/posts\/27246","targetHints":{"allow":["GET"]}}],"collection":[{"href":"https:\/\/www.simar-louresodivelas.pt\/index.php\/wp-json\/wp\/v2\/posts"}],"about":[{"href":"https:\/\/www.simar-louresodivelas.pt\/index.php\/wp-json\/wp\/v2\/types\/post"}],"author":[{"embeddable":true,"href":"https:\/\/www.simar-louresodivelas.pt\/index.php\/wp-json\/wp\/v2\/users\/3"}],"replies":[{"embeddable":true,"href":"https:\/\/www.simar-louresodivelas.pt\/index.php\/wp-json\/wp\/v2\/comments?post=27246"}],"version-history":[{"count":13,"href":"https:\/\/www.simar-louresodivelas.pt\/index.php\/wp-json\/wp\/v2\/posts\/27246\/revisions"}],"predecessor-version":[{"id":27261,"href":"https:\/\/www.simar-louresodivelas.pt\/index.php\/wp-json\/wp\/v2\/posts\/27246\/revisions\/27261"}],"wp:featuredmedia":[{"embeddable":true,"href":"https:\/\/www.simar-louresodivelas.pt\/index.php\/wp-json\/wp\/v2\/media\/27268"}],"wp:attachment":[{"href":"https:\/\/www.simar-louresodivelas.pt\/index.php\/wp-json\/wp\/v2\/media?parent=27246"}],"wp:term":[{"taxonomy":"category","embeddable":true,"href":"https:\/\/www.simar-louresodivelas.pt\/index.php\/wp-json\/wp\/v2\/categories?post=27246"},{"taxonomy":"post_tag","embeddable":true,"href":"https:\/\/www.simar-louresodivelas.pt\/index.php\/wp-json\/wp\/v2\/tags?post=27246"}],"curies":[{"name":"wp","href":"https:\/\/api.w.org\/{rel}","templated":true}]}}