{"id":26756,"date":"2025-01-28T14:11:29","date_gmt":"2025-01-28T14:11:29","guid":{"rendered":"https:\/\/www.simar-louresodivelas.pt\/?p=26756"},"modified":"2025-03-12T12:23:04","modified_gmt":"2025-03-12T12:23:04","slug":"alerta-de-e-mails-falsos-com-valores-a-pagar-aos-simar-de-loures-e-odivelas","status":"publish","type":"post","link":"https:\/\/www.simar-louresodivelas.pt\/index.php\/arquivo\/26756","title":{"rendered":"Recolhidas, em 2024, 107 toneladas de eletrodom\u00e9sticos em sistema porta-a-porta"},"content":{"rendered":"\t\t<div data-elementor-type=\"wp-post\" data-elementor-id=\"26756\" class=\"elementor elementor-26756\">\n\t\t\t\t\t\t<section class=\"elementor-section elementor-top-section elementor-element elementor-element-df9391e elementor-section-boxed elementor-section-height-default elementor-section-height-default\" data-id=\"df9391e\" data-element_type=\"section\">\n\t\t\t\t\t\t<div class=\"elementor-container elementor-column-gap-default\">\n\t\t\t\t\t<div class=\"aux-parallax-section elementor-column elementor-col-100 elementor-top-column elementor-element elementor-element-a1a147e\" data-id=\"a1a147e\" data-element_type=\"column\">\n\t\t\t<div class=\"elementor-widget-wrap elementor-element-populated\">\n\t\t\t\t\t\t<div class=\"elementor-element elementor-element-330863d elementor-widget elementor-widget-text-editor\" data-id=\"330863d\" data-element_type=\"widget\" data-widget_type=\"text-editor.default\">\n\t\t\t\t<div class=\"elementor-widget-container\">\n\t\t\t\t\t\t\t\t\t<div>Durante o ano de 2024, foram recolhidas 107 toneladas de eletrodom\u00e9sticos diretamente da casa dos clientes dos SIMAR.\u00a0<\/div><div>\u00a0<\/div><div>Estes equipamentos el\u00e9tricos usados, recolhidos e enviados para reciclagem, resultam da parceria estabelecida entre os SIMAR de Loures e Odivelas e <span style=\"text-decoration: underline;\"><span style=\"color: #316cb5; text-decoration: underline;\"><a style=\"color: #316cb5; text-decoration: underline;\" href=\"https:\/\/electrao.pt\/\" target=\"_blank\" rel=\"noopener\">O Electr\u00e3o<\/a><\/span><\/span> \u2013 Associa\u00e7\u00e3o de Gest\u00e3o de Res\u00edduos.<\/div><div>\u00a0<\/div><div>Uma iniciativa gratuita que permite uma maior proximidade na recolha de res\u00edduos volumosos e, consequentemente, uma melhoria da qualidade dos materiais encaminhados para destino final, bem como, a recupera\u00e7\u00e3o dos equipamentos, que eventualmente estejam em estado de aproveitamento, incrementando as taxas de reutiliza\u00e7\u00e3o e a economia circular de produtos.<\/div><div>\u00a0<\/div><div style=\"padding-left: 80px;\"><em>\u00abEstamos satisfeitos com os resultados alcan\u00e7ados em 2024, mas queremos continuar a apostar neste Servi\u00e7o que facilita a vida aos nossos clientes e contribui para alcan\u00e7ar as metas estabelecidas pela Uni\u00e3o Europeia para a mat\u00e9ria em quest\u00e3o. A preocupa\u00e7\u00e3o com o ambiente est\u00e1 sempre presente em todas as nossas a\u00e7\u00f5es. A reciclagem de materiais el\u00e9tricos e eletr\u00f3nicos \u00e9 essencial \u00e0 manuten\u00e7\u00e3o de um meio ambiente est\u00e1vel e equilibrado.\u00bb<\/em>, destaca<strong> Nuno Leit\u00e3o, Presidente do Conselho de Administra\u00e7\u00e3o dos SIMAR de Loures e Odivelas.<\/strong><\/div><div>\u00a0<\/div><div>\u00a0<\/div><div>\u00a0<\/div><div><strong>Como funciona o Servi\u00e7o?<\/strong><\/div><div>O servi\u00e7o, totalmente gratuito, tem de ser agendado pelo cidad\u00e3o em articula\u00e7\u00e3o direta com <span style=\"text-decoration: underline;\"><span style=\"color: #316cb5; text-decoration: underline;\"><a style=\"color: #316cb5; text-decoration: underline;\" href=\"https:\/\/electrao.pt\/\" target=\"_blank\" rel=\"noopener\">O Electr\u00e3o<\/a><\/span><\/span> atrav\u00e9s do n\u00famero <strong><span style=\"color: #316cb5;\">800 262 333<\/span><\/strong>, nos dias \u00fateis, entre as 9h30 e as 17h.<\/div><div>\u00a0<\/div><div>Para solicitar a recolha deve ter, pelo menos, um eletrodom\u00e9stico volumoso, como uma m\u00e1quina de lavar roupa ou frigor\u00edfico, mas no momento da recolha podem ser entregues outros equipamentos el\u00e9tricos fora de uso de menor dimens\u00e3o, como telem\u00f3veis, l\u00e2mpadas e ainda pilhas usadas.<\/div><div>\u00a0<\/div><div>A equipa de recolha assegura o transporte dos eletrodom\u00e9sticos usados desde o interior da resid\u00eancia, garagem ou arrecada\u00e7\u00e3o at\u00e9 ao ve\u00edculo.\u00a0<\/div><div>\u00a0<\/div><div>Posteriormente, os equipamentos recolhidos s\u00e3o encaminhados para reciclagem.<\/div><div>\u00a0<\/div><div>O Servi\u00e7o est\u00e1 dispon\u00edvel em todas as freguesias dos concelhos de Loures e Odivelas.<\/div>\t\t\t\t\t\t\t\t<\/div>\n\t\t\t\t<\/div>\n\t\t\t\t\t<\/div>\n\t\t<\/div>\n\t\t\t\t\t<\/div>\n\t\t<\/section>\n\t\t\t\t<section class=\"elementor-section elementor-top-section elementor-element elementor-element-f00ce67 elementor-section-boxed elementor-section-height-default elementor-section-height-default\" data-id=\"f00ce67\" data-element_type=\"section\">\n\t\t\t\t\t\t<div class=\"elementor-container elementor-column-gap-default\">\n\t\t\t\t\t<div class=\"aux-parallax-section elementor-column elementor-col-100 elementor-top-column elementor-element elementor-element-2d2b4a5\" data-id=\"2d2b4a5\" data-element_type=\"column\">\n\t\t\t<div class=\"elementor-widget-wrap elementor-element-populated\">\n\t\t\t\t\t\t<div class=\"elementor-element elementor-element-7ff77dc elementor-pagination-position-outside elementor-widget elementor-widget-image-carousel\" data-id=\"7ff77dc\" data-element_type=\"widget\" data-settings=\"{&quot;navigation&quot;:&quot;dots&quot;,&quot;autoplay&quot;:&quot;yes&quot;,&quot;pause_on_hover&quot;:&quot;yes&quot;,&quot;pause_on_interaction&quot;:&quot;yes&quot;,&quot;autoplay_speed&quot;:5000,&quot;infinite&quot;:&quot;yes&quot;,&quot;speed&quot;:500}\" data-widget_type=\"image-carousel.default\">\n\t\t\t\t<div class=\"elementor-widget-container\">\n\t\t\t\t\t\t\t<div class=\"elementor-image-carousel-wrapper swiper\" role=\"region\" aria-roledescription=\"carousel\" aria-label=\"Carrossel de imagens\" dir=\"ltr\">\n\t\t\t<div class=\"elementor-image-carousel swiper-wrapper\" aria-live=\"off\">\n\t\t\t\t\t\t\t\t<div class=\"swiper-slide\" role=\"group\" aria-roledescription=\"slide\" aria-label=\"1 of 6\"><figure class=\"swiper-slide-inner\"><img decoding=\"async\" class=\"swiper-slide-image\" src=\"https:\/\/www.simar-louresodivelas.pt\/wp-content\/uploads\/2025\/01\/slide_1-1-300x300.png\" alt=\"slide_1\" \/><\/figure><\/div><div class=\"swiper-slide\" role=\"group\" aria-roledescription=\"slide\" aria-label=\"2 of 6\"><figure class=\"swiper-slide-inner\"><img decoding=\"async\" class=\"swiper-slide-image\" src=\"https:\/\/www.simar-louresodivelas.pt\/wp-content\/uploads\/2025\/02\/site_eletrao-2-300x300.png\" alt=\"site_eletrao-2\" \/><\/figure><\/div><div class=\"swiper-slide\" role=\"group\" aria-roledescription=\"slide\" aria-label=\"3 of 6\"><figure class=\"swiper-slide-inner\"><img decoding=\"async\" class=\"swiper-slide-image\" src=\"https:\/\/www.simar-louresodivelas.pt\/wp-content\/uploads\/2025\/01\/slide_4-1-300x300.png\" alt=\"slide_4\" \/><\/figure><\/div><div class=\"swiper-slide\" role=\"group\" aria-roledescription=\"slide\" aria-label=\"4 of 6\"><figure class=\"swiper-slide-inner\"><img decoding=\"async\" class=\"swiper-slide-image\" src=\"https:\/\/www.simar-louresodivelas.pt\/wp-content\/uploads\/2025\/01\/slide_5-1-300x300.png\" alt=\"slide_5\" \/><\/figure><\/div><div class=\"swiper-slide\" role=\"group\" aria-roledescription=\"slide\" aria-label=\"5 of 6\"><figure class=\"swiper-slide-inner\"><img decoding=\"async\" class=\"swiper-slide-image\" src=\"https:\/\/www.simar-louresodivelas.pt\/wp-content\/uploads\/2025\/01\/slide_6-1-300x300.png\" alt=\"slide_6\" \/><\/figure><\/div><div class=\"swiper-slide\" role=\"group\" aria-roledescription=\"slide\" aria-label=\"6 of 6\"><figure class=\"swiper-slide-inner\"><img decoding=\"async\" class=\"swiper-slide-image\" src=\"https:\/\/www.simar-louresodivelas.pt\/wp-content\/uploads\/2025\/02\/site_eletrao-3-300x300.png\" alt=\"site_eletrao-3\" \/><\/figure><\/div>\t\t\t<\/div>\n\t\t\t\t\t\t\t\n\t\t\t\t\t\t\t\t\t<div class=\"swiper-pagination\"><\/div>\n\t\t\t\t\t\t\t\t\t<\/div>\n\t\t\t\t\t\t<\/div>\n\t\t\t\t<\/div>\n\t\t\t\t\t<\/div>\n\t\t<\/div>\n\t\t\t\t\t<\/div>\n\t\t<\/section>\n\t\t\t\t<\/div>\n\t\t","protected":false},"excerpt":{"rendered":"<p>Durante o ano de 2024, foram recolhidas 107 toneladas de eletrodom\u00e9sticos diretamente da casa dos clientes dos SIMAR.\u00a0\u00a0Estes equipamentos el\u00e9tricos usados, recolhidos e enviados para reciclagem, resultam da parceria estabelecida entre os SIMAR de Loures e Odivelas e O Electr\u00e3o \u2013 Associa\u00e7\u00e3o de Gest\u00e3o de Res\u00edduos.\u00a0Uma iniciativa gratuita que permite uma maior proximidade na recolha [&hellip;]<\/p>\n","protected":false},"author":3,"featured_media":26779,"comment_status":"closed","ping_status":"open","sticky":false,"template":"","format":"standard","meta":{"_monsterinsights_skip_tracking":false,"_monsterinsights_sitenote_active":false,"_monsterinsights_sitenote_note":"","_monsterinsights_sitenote_category":0,"_uf_show_specific_survey":0,"_uf_disable_surveys":false,"footnotes":""},"categories":[15],"tags":[],"class_list":["post-26756","post","type-post","status-publish","format-standard","has-post-thumbnail","hentry","category-historico"],"aioseo_notices":[],"_links":{"self":[{"href":"https:\/\/www.simar-louresodivelas.pt\/index.php\/wp-json\/wp\/v2\/posts\/26756","targetHints":{"allow":["GET"]}}],"collection":[{"href":"https:\/\/www.simar-louresodivelas.pt\/index.php\/wp-json\/wp\/v2\/posts"}],"about":[{"href":"https:\/\/www.simar-louresodivelas.pt\/index.php\/wp-json\/wp\/v2\/types\/post"}],"author":[{"embeddable":true,"href":"https:\/\/www.simar-louresodivelas.pt\/index.php\/wp-json\/wp\/v2\/users\/3"}],"replies":[{"embeddable":true,"href":"https:\/\/www.simar-louresodivelas.pt\/index.php\/wp-json\/wp\/v2\/comments?post=26756"}],"version-history":[{"count":25,"href":"https:\/\/www.simar-louresodivelas.pt\/index.php\/wp-json\/wp\/v2\/posts\/26756\/revisions"}],"predecessor-version":[{"id":27147,"href":"https:\/\/www.simar-louresodivelas.pt\/index.php\/wp-json\/wp\/v2\/posts\/26756\/revisions\/27147"}],"wp:featuredmedia":[{"embeddable":true,"href":"https:\/\/www.simar-louresodivelas.pt\/index.php\/wp-json\/wp\/v2\/media\/26779"}],"wp:attachment":[{"href":"https:\/\/www.simar-louresodivelas.pt\/index.php\/wp-json\/wp\/v2\/media?parent=26756"}],"wp:term":[{"taxonomy":"category","embeddable":true,"href":"https:\/\/www.simar-louresodivelas.pt\/index.php\/wp-json\/wp\/v2\/categories?post=26756"},{"taxonomy":"post_tag","embeddable":true,"href":"https:\/\/www.simar-louresodivelas.pt\/index.php\/wp-json\/wp\/v2\/tags?post=26756"}],"curies":[{"name":"wp","href":"https:\/\/api.w.org\/{rel}","templated":true}]}}