{"id":24429,"date":"2024-12-10T10:30:03","date_gmt":"2024-12-10T10:30:03","guid":{"rendered":"https:\/\/www.simar-louresodivelas.pt\/?p=24429"},"modified":"2025-01-13T11:15:07","modified_gmt":"2025-01-13T11:15:07","slug":"acao-de-sensibilizacao-na-portela-residuos-organicos","status":"publish","type":"post","link":"https:\/\/www.simar-louresodivelas.pt\/index.php\/arquivo\/24429","title":{"rendered":"A\u00e7\u00e3o de Sensibiliza\u00e7\u00e3o na Portela \u2013 Res\u00edduos Org\u00e2nicos"},"content":{"rendered":"\t\t<div data-elementor-type=\"wp-post\" data-elementor-id=\"24429\" class=\"elementor elementor-24429\">\n\t\t\t\t\t\t<section class=\"elementor-section elementor-top-section elementor-element elementor-element-df9391e elementor-section-boxed elementor-section-height-default elementor-section-height-default\" data-id=\"df9391e\" data-element_type=\"section\">\n\t\t\t\t\t\t<div class=\"elementor-container elementor-column-gap-default\">\n\t\t\t\t\t<div class=\"aux-parallax-section elementor-column elementor-col-100 elementor-top-column elementor-element elementor-element-a1a147e\" data-id=\"a1a147e\" data-element_type=\"column\">\n\t\t\t<div class=\"elementor-widget-wrap elementor-element-populated\">\n\t\t\t\t\t\t<div class=\"elementor-element elementor-element-330863d elementor-widget elementor-widget-text-editor\" data-id=\"330863d\" data-element_type=\"widget\" data-widget_type=\"text-editor.default\">\n\t\t\t\t<div class=\"elementor-widget-container\">\n\t\t\t\t\t\t\t\t\t<p>Decorreu nos dias 6, 7 e 8 de dezembro, no Centro Comercial da Portela, uma a\u00e7\u00e3o de sensibiliza\u00e7\u00e3o dirigida aos moradores da Urbaniza\u00e7\u00e3o da Portela, com o objetivo de entregar o balde de 7 L, gratuito, para separa\u00e7\u00e3o dos <a href=\"https:\/\/www.simar-louresodivelas.pt\/index.php\/biorresiduos\" target=\"_blank\" rel=\"noopener\"><span style=\"text-decoration: underline; color: #316cb5;\">res\u00edduos org\u00e2nicos<\/span><\/a>!<\/p><p>Esta a\u00e7\u00e3o est\u00e1 inserida na campanha <a href=\"https:\/\/www.simar-louresodivelas.pt\/index.php\/valorizacao-biorresiduos\" target=\"_blank\" rel=\"noopener\"><span style=\"text-decoration: underline; color: #316cb5;\">Os Org\u00e2nicos Devolvemos \u00e0 Natureza<\/span><\/a> que pretende sensibilizar a popula\u00e7\u00e3o, para a import\u00e2ncia de valorizar os biorres\u00edduos.<\/p><p>A partir dos restos de comida (carne, peixe, legumes, ovos, fruta, p\u00e3o, bolos, saquetas de ch\u00e1, borra de caf\u00e9) pode ser produzido adubo natural e g\u00e1s verde.<\/p><p>Porque os <span style=\"text-decoration: underline;\"><span style=\"color: #316cb5; text-decoration: underline;\"><a style=\"color: #316cb5; text-decoration: underline;\" href=\"https:\/\/www.simar-louresodivelas.pt\/index.php\/valorizacao-biorresiduos\" target=\"_blank\" rel=\"noopener\">Org\u00e2nicos Devolvemos \u00e0 Natureza<\/a><\/span><\/span><span style=\"color: #000000;\">!<\/span><\/p>\t\t\t\t\t\t\t\t<\/div>\n\t\t\t\t<\/div>\n\t\t\t\t\t<\/div>\n\t\t<\/div>\n\t\t\t\t\t<\/div>\n\t\t<\/section>\n\t\t\t\t<\/div>\n\t\t","protected":false},"excerpt":{"rendered":"<p>Decorreu nos dias 6, 7 e 8 de dezembro, no Centro Comercial da Portela, uma a\u00e7\u00e3o de sensibiliza\u00e7\u00e3o dirigida aos moradores da Urbaniza\u00e7\u00e3o da Portela, com o objetivo de entregar o balde de 7 L, gratuito, para separa\u00e7\u00e3o dos res\u00edduos org\u00e2nicos! Esta a\u00e7\u00e3o est\u00e1 inserida na campanha Os Org\u00e2nicos Devolvemos \u00e0 Natureza que pretende sensibilizar [&hellip;]<\/p>\n","protected":false},"author":3,"featured_media":24430,"comment_status":"closed","ping_status":"open","sticky":false,"template":"","format":"standard","meta":{"_monsterinsights_skip_tracking":false,"_monsterinsights_sitenote_active":false,"_monsterinsights_sitenote_note":"","_monsterinsights_sitenote_category":0,"_uf_show_specific_survey":0,"_uf_disable_surveys":false,"footnotes":""},"categories":[15],"tags":[],"class_list":["post-24429","post","type-post","status-publish","format-standard","has-post-thumbnail","hentry","category-historico"],"aioseo_notices":[],"_links":{"self":[{"href":"https:\/\/www.simar-louresodivelas.pt\/index.php\/wp-json\/wp\/v2\/posts\/24429","targetHints":{"allow":["GET"]}}],"collection":[{"href":"https:\/\/www.simar-louresodivelas.pt\/index.php\/wp-json\/wp\/v2\/posts"}],"about":[{"href":"https:\/\/www.simar-louresodivelas.pt\/index.php\/wp-json\/wp\/v2\/types\/post"}],"author":[{"embeddable":true,"href":"https:\/\/www.simar-louresodivelas.pt\/index.php\/wp-json\/wp\/v2\/users\/3"}],"replies":[{"embeddable":true,"href":"https:\/\/www.simar-louresodivelas.pt\/index.php\/wp-json\/wp\/v2\/comments?post=24429"}],"version-history":[{"count":16,"href":"https:\/\/www.simar-louresodivelas.pt\/index.php\/wp-json\/wp\/v2\/posts\/24429\/revisions"}],"predecessor-version":[{"id":26089,"href":"https:\/\/www.simar-louresodivelas.pt\/index.php\/wp-json\/wp\/v2\/posts\/24429\/revisions\/26089"}],"wp:featuredmedia":[{"embeddable":true,"href":"https:\/\/www.simar-louresodivelas.pt\/index.php\/wp-json\/wp\/v2\/media\/24430"}],"wp:attachment":[{"href":"https:\/\/www.simar-louresodivelas.pt\/index.php\/wp-json\/wp\/v2\/media?parent=24429"}],"wp:term":[{"taxonomy":"category","embeddable":true,"href":"https:\/\/www.simar-louresodivelas.pt\/index.php\/wp-json\/wp\/v2\/categories?post=24429"},{"taxonomy":"post_tag","embeddable":true,"href":"https:\/\/www.simar-louresodivelas.pt\/index.php\/wp-json\/wp\/v2\/tags?post=24429"}],"curies":[{"name":"wp","href":"https:\/\/api.w.org\/{rel}","templated":true}]}}