{"id":24271,"date":"2024-12-05T11:10:53","date_gmt":"2024-12-05T11:10:53","guid":{"rendered":"https:\/\/www.simar-louresodivelas.pt\/?p=24271"},"modified":"2025-01-09T10:45:17","modified_gmt":"2025-01-09T10:45:17","slug":"acao-de-sensibilizacao-na-portela-residuos-organicos-2","status":"publish","type":"post","link":"https:\/\/www.simar-louresodivelas.pt\/index.php\/arquivo\/24271","title":{"rendered":"A\u00e7\u00e3o de Sensibiliza\u00e7\u00e3o na Portela \u2013 Res\u00edduos Org\u00e2nicos"},"content":{"rendered":"\t\t<div data-elementor-type=\"wp-post\" data-elementor-id=\"24271\" class=\"elementor elementor-24271\">\n\t\t\t\t\t\t<section class=\"elementor-section elementor-top-section elementor-element elementor-element-df9391e elementor-section-boxed elementor-section-height-default elementor-section-height-default\" data-id=\"df9391e\" data-element_type=\"section\">\n\t\t\t\t\t\t<div class=\"elementor-container elementor-column-gap-default\">\n\t\t\t\t\t<div class=\"aux-parallax-section elementor-column elementor-col-100 elementor-top-column elementor-element elementor-element-a1a147e\" data-id=\"a1a147e\" data-element_type=\"column\">\n\t\t\t<div class=\"elementor-widget-wrap elementor-element-populated\">\n\t\t\t\t\t\t<div class=\"elementor-element elementor-element-330863d elementor-widget elementor-widget-text-editor\" data-id=\"330863d\" data-element_type=\"widget\" data-widget_type=\"text-editor.default\">\n\t\t\t\t<div class=\"elementor-widget-container\">\n\t\t\t\t\t\t\t\t\t<p>Nos pr\u00f3ximos dias 6 (entre as 14h e as 20h), 7 e 8 de dezembro (entre as 09h e as 15h), vamos estar no Centro Comercial da Portela para lhe entregar o seu balde para separar os <span style=\"text-decoration: underline; color: #316cb5;\"><a style=\"color: #316cb5; text-decoration: underline;\" href=\"https:\/\/www.simar-louresodivelas.pt\/index.php\/biorresiduos\" target=\"_blank\" rel=\"noopener\">res\u00edduos org\u00e2nicos<\/a><\/span>.<\/p><p>Esta a\u00e7\u00e3o visa sensibilizar os moradores da Urbaniza\u00e7\u00e3o da Portela para a import\u00e2ncia de separar para reaproveitar. A partir dos restos de comida (carne, peixe, legumes, ovos, fruta, p\u00e3o, bolos, saquetas de ch\u00e1, borra de caf\u00e9) pode ser produzido adubo natural e g\u00e1s verde.<\/p><p>Visite-nos e leve o seu balde de 7 L para separar em sua casa. <br \/>Porque os <span style=\"text-decoration: underline; color: #316cb5;\"><a style=\"color: #316cb5; text-decoration: underline;\" href=\"https:\/\/www.simar-louresodivelas.pt\/index.php\/valorizacao-biorresiduos\" target=\"_blank\" rel=\"noopener\">Org\u00e2nicos Devolvemos \u00e0 Natureza<\/a><\/span>!<\/p><p>Para qualquer esclarecimento adicional, n\u00e3o hesite em contactar-nos atrav\u00e9s do e-mail: <a href=\"mailto:gic@simar-louresodivelas.pt\"><span style=\"text-decoration: underline;\"><span style=\"color: #316cb5; text-decoration: underline;\">gic@simar-louresodivelas.pt<\/span><\/span><\/a><\/p>\t\t\t\t\t\t\t\t<\/div>\n\t\t\t\t<\/div>\n\t\t\t\t\t<\/div>\n\t\t<\/div>\n\t\t\t\t\t<\/div>\n\t\t<\/section>\n\t\t\t\t<section class=\"elementor-section elementor-top-section elementor-element elementor-element-fd5fdd8 elementor-section-boxed elementor-section-height-default elementor-section-height-default\" data-id=\"fd5fdd8\" data-element_type=\"section\">\n\t\t\t\t\t\t<div class=\"elementor-container elementor-column-gap-default\">\n\t\t\t\t\t<div class=\"aux-parallax-section elementor-column elementor-col-16 elementor-top-column elementor-element elementor-element-beaff7f\" data-id=\"beaff7f\" data-element_type=\"column\">\n\t\t\t<div class=\"elementor-widget-wrap\">\n\t\t\t\t\t\t\t<\/div>\n\t\t<\/div>\n\t\t\t\t<div class=\"aux-parallax-section elementor-column elementor-col-66 elementor-top-column elementor-element elementor-element-7218a00\" data-id=\"7218a00\" data-element_type=\"column\">\n\t\t\t<div class=\"elementor-widget-wrap elementor-element-populated\">\n\t\t\t\t\t\t<div class=\"elementor-element elementor-element-f8733f4 elementor-widget elementor-widget-image\" data-id=\"f8733f4\" data-element_type=\"widget\" data-widget_type=\"image.default\">\n\t\t\t\t<div class=\"elementor-widget-container\">\n\t\t\t\t\t\t\t\t\t\t\t\t\t\t\t<img fetchpriority=\"high\" decoding=\"async\" width=\"768\" height=\"768\" src=\"https:\/\/www.simar-louresodivelas.pt\/wp-content\/uploads\/2024\/12\/Simar_Portela_6-7-8-dez2024-768x768.jpg\" class=\"attachment-medium_large size-medium_large wp-image-24262\" alt=\"\" srcset=\"https:\/\/www.simar-louresodivelas.pt\/wp-content\/uploads\/2024\/12\/Simar_Portela_6-7-8-dez2024-768x768.jpg 768w, https:\/\/www.simar-louresodivelas.pt\/wp-content\/uploads\/2024\/12\/Simar_Portela_6-7-8-dez2024-300x300.jpg 300w, https:\/\/www.simar-louresodivelas.pt\/wp-content\/uploads\/2024\/12\/Simar_Portela_6-7-8-dez2024-1024x1024.jpg 1024w, https:\/\/www.simar-louresodivelas.pt\/wp-content\/uploads\/2024\/12\/Simar_Portela_6-7-8-dez2024-150x150.jpg 150w, https:\/\/www.simar-louresodivelas.pt\/wp-content\/uploads\/2024\/12\/Simar_Portela_6-7-8-dez2024.jpg 1080w\" sizes=\"(max-width: 768px) 100vw, 768px\" \/>\t\t\t\t\t\t\t\t\t\t\t\t\t\t\t<\/div>\n\t\t\t\t<\/div>\n\t\t\t\t\t<\/div>\n\t\t<\/div>\n\t\t\t\t<div class=\"aux-parallax-section elementor-column elementor-col-16 elementor-top-column elementor-element elementor-element-3d31d5c\" data-id=\"3d31d5c\" data-element_type=\"column\">\n\t\t\t<div class=\"elementor-widget-wrap\">\n\t\t\t\t\t\t\t<\/div>\n\t\t<\/div>\n\t\t\t\t\t<\/div>\n\t\t<\/section>\n\t\t\t\t<\/div>\n\t\t","protected":false},"excerpt":{"rendered":"<p>Nos pr\u00f3ximos dias 6 (entre as 14h e as 20h), 7 e 8 de dezembro (entre as 09h e as 15h), vamos estar no Centro Comercial da Portela para lhe entregar o seu balde para separar os res\u00edduos org\u00e2nicos. Esta a\u00e7\u00e3o visa sensibilizar os moradores da Urbaniza\u00e7\u00e3o da Portela para a import\u00e2ncia de separar para [&hellip;]<\/p>\n","protected":false},"author":3,"featured_media":24262,"comment_status":"closed","ping_status":"open","sticky":false,"template":"","format":"standard","meta":{"_monsterinsights_skip_tracking":false,"_monsterinsights_sitenote_active":false,"_monsterinsights_sitenote_note":"","_monsterinsights_sitenote_category":0,"_uf_show_specific_survey":0,"_uf_disable_surveys":false,"footnotes":""},"categories":[15],"tags":[],"class_list":["post-24271","post","type-post","status-publish","format-standard","has-post-thumbnail","hentry","category-historico"],"aioseo_notices":[],"_links":{"self":[{"href":"https:\/\/www.simar-louresodivelas.pt\/index.php\/wp-json\/wp\/v2\/posts\/24271","targetHints":{"allow":["GET"]}}],"collection":[{"href":"https:\/\/www.simar-louresodivelas.pt\/index.php\/wp-json\/wp\/v2\/posts"}],"about":[{"href":"https:\/\/www.simar-louresodivelas.pt\/index.php\/wp-json\/wp\/v2\/types\/post"}],"author":[{"embeddable":true,"href":"https:\/\/www.simar-louresodivelas.pt\/index.php\/wp-json\/wp\/v2\/users\/3"}],"replies":[{"embeddable":true,"href":"https:\/\/www.simar-louresodivelas.pt\/index.php\/wp-json\/wp\/v2\/comments?post=24271"}],"version-history":[{"count":16,"href":"https:\/\/www.simar-louresodivelas.pt\/index.php\/wp-json\/wp\/v2\/posts\/24271\/revisions"}],"predecessor-version":[{"id":26093,"href":"https:\/\/www.simar-louresodivelas.pt\/index.php\/wp-json\/wp\/v2\/posts\/24271\/revisions\/26093"}],"wp:featuredmedia":[{"embeddable":true,"href":"https:\/\/www.simar-louresodivelas.pt\/index.php\/wp-json\/wp\/v2\/media\/24262"}],"wp:attachment":[{"href":"https:\/\/www.simar-louresodivelas.pt\/index.php\/wp-json\/wp\/v2\/media?parent=24271"}],"wp:term":[{"taxonomy":"category","embeddable":true,"href":"https:\/\/www.simar-louresodivelas.pt\/index.php\/wp-json\/wp\/v2\/categories?post=24271"},{"taxonomy":"post_tag","embeddable":true,"href":"https:\/\/www.simar-louresodivelas.pt\/index.php\/wp-json\/wp\/v2\/tags?post=24271"}],"curies":[{"name":"wp","href":"https:\/\/api.w.org\/{rel}","templated":true}]}}