{"id":23855,"date":"2024-11-23T13:08:57","date_gmt":"2024-11-23T13:08:57","guid":{"rendered":"https:\/\/www.simar-louresodivelas.pt\/?p=23855"},"modified":"2024-11-26T16:43:42","modified_gmt":"2024-11-26T16:43:42","slug":"iinterrupcao-no-abastecimento-de-agua-entre-as-8h-e-as-14h-no-dia-26-de-novembro-terca-feiraem-odivelas-e-famoes","status":"publish","type":"post","link":"https:\/\/www.simar-louresodivelas.pt\/index.php\/arquivo\/23855","title":{"rendered":"Interrup\u00e7\u00e3o no Abastecimento de \u00c1gua entre as 8h e as 14h, no dia 26 de novembro (ter\u00e7a-feira), em Odivelas e Fam\u00f5es."},"content":{"rendered":"\t\t<div data-elementor-type=\"wp-post\" data-elementor-id=\"23855\" class=\"elementor elementor-23855\">\n\t\t\t\t\t\t<section class=\"elementor-section elementor-top-section elementor-element elementor-element-df9391e elementor-section-boxed elementor-section-height-default elementor-section-height-default\" data-id=\"df9391e\" data-element_type=\"section\">\n\t\t\t\t\t\t<div class=\"elementor-container elementor-column-gap-default\">\n\t\t\t\t\t<div class=\"aux-parallax-section elementor-column elementor-col-100 elementor-top-column elementor-element elementor-element-a1a147e\" data-id=\"a1a147e\" data-element_type=\"column\">\n\t\t\t<div class=\"elementor-widget-wrap elementor-element-populated\">\n\t\t\t\t\t\t<div class=\"elementor-element elementor-element-330863d elementor-widget elementor-widget-text-editor\" data-id=\"330863d\" data-element_type=\"widget\" data-widget_type=\"text-editor.default\">\n\t\t\t\t<div class=\"elementor-widget-container\">\n\t\t\t\t\t\t\t\t\t<p>Na sequ\u00eancia da realiza\u00e7\u00e3o de trabalhos na rede de abastecimento de \u00e1gua, informamos que:<\/p><p>O ABASTECIMENTO DE \u00c1GUA SER\u00c1 INTERROMPIDO, PREVISIVELMENTE, ENTRE AS 8H E AS 14H, NO DIA 26 DE NOVEMBRO NOS SEGUINTES LOCAIS:<\/p><p><strong>ODIVELAS<\/strong>: Rua Gil Vicente, Rua Augusto Gil (n\u00fameros pares do n.\u00ba 2 ao n.\u00ba 18), Rua Lobito, Rua S. Jos\u00e9, Rua Ces\u00e1rio Verde, Rua Jo\u00e3o das Regras, Rua Duque da Terceira.<\/p><p><strong>URBANIZA\u00c7\u00c3O COLINAS DO CRUZEIRO<\/strong>: Av. Magalh\u00e3es Coutinho, Rua Fernando Namora, Rua M\u00e1rio Moreira, Travessa Greg\u00f3rio Rodrigues Fernandes, Rua Pulido Valente, Rua Jo\u00e3o Maria Porto, Av. Reinaldo dos Santos, Praceta Fernando de Almeida, Praceta Manuel \u00c1lvares, Praceta Ladislau Patr\u00edcio, Praceta Aleixo Abreu, Praceta Tiago Augusto de Almeida, Rua Silva Carvalho, Praceta \u00c1lvaro Ant\u00f3nio Pinheiro Rodrigues, Rua Crist\u00f3v\u00e3o da Costa, Rua Maria Jos\u00e9 Cardo, Pra\u00e7a Portugal, Rua Augusto da Cunha Lamas, Rua Antero de Quental, Rua Diogo Guilherme Silva Alves Furtado, Av. das Ac\u00e1cias, Praceta Jos\u00e9 Maria Bomtempo, Rua Eus\u00e9bio Le\u00e3o, Praceta Manuel Nazar\u00e9 Cordeiro Ferreira, Praceta Francisco Cambournac, Praceta Afonso Dinis Portugal, Rua Rodrigo Paganino, Travessa Augusto da Cunha Lamas, Al. do Porto Pinheiro, Rua Lima Basto, Praceta Bernardino de Almeida.<\/p><p><strong>POMBAIS<\/strong>: Rua S. Pedro.<\/p><p><strong>FAM\u00d5ES<\/strong>: Rua Filipa Vacondeus, Av. das Oliveiras, Av. Dr. Ant\u00f3nio Manuel Silva Marques.<\/p><p><strong>URBANIZA\u00c7\u00c3O MOINHOS DO CRUZEIRO<\/strong>: Rua Embaixador Aristides de Sousa Mendes, Praceta dos Girass\u00f3is, Av. Dr. Salgado Zenha.<\/p><p><strong>QUINTA DA RAPOSEIRA<\/strong>: Av. Ant\u00f3nio dos Santos Rodrigues, Rua Ver\u00edssimo Sim Sim.<\/p><p>Estamos a trabalhar, todos os dias, para melhorar as condi\u00e7\u00f5es de abastecimento de \u00e1gua nos concelhos de Loures e Odivelas.<\/p><p>Apelamos \u00e0 compreens\u00e3o de todos e lamentamos os transtornos causados.<\/p>\t\t\t\t\t\t\t\t<\/div>\n\t\t\t\t<\/div>\n\t\t\t\t\t<\/div>\n\t\t<\/div>\n\t\t\t\t\t<\/div>\n\t\t<\/section>\n\t\t\t\t<\/div>\n\t\t","protected":false},"excerpt":{"rendered":"<p>Na sequ\u00eancia da realiza\u00e7\u00e3o de trabalhos na rede de abastecimento de \u00e1gua, informamos que: O ABASTECIMENTO DE \u00c1GUA SER\u00c1 INTERROMPIDO, PREVISIVELMENTE, ENTRE AS 8H E AS 14H, NO DIA 26 DE NOVEMBRO NOS SEGUINTES LOCAIS: ODIVELAS: Rua Gil Vicente, Rua Augusto Gil (n\u00fameros pares do n.\u00ba 2 ao n.\u00ba 18), Rua Lobito, Rua S. Jos\u00e9, [&hellip;]<\/p>\n","protected":false},"author":3,"featured_media":23868,"comment_status":"closed","ping_status":"open","sticky":false,"template":"","format":"standard","meta":{"_monsterinsights_skip_tracking":false,"_monsterinsights_sitenote_active":false,"_monsterinsights_sitenote_note":"","_monsterinsights_sitenote_category":0,"_uf_show_specific_survey":0,"_uf_disable_surveys":false,"footnotes":""},"categories":[32],"tags":[],"class_list":["post-23855","post","type-post","status-publish","format-standard","has-post-thumbnail","hentry","category-avisos-a-populacao"],"aioseo_notices":[],"_links":{"self":[{"href":"https:\/\/www.simar-louresodivelas.pt\/index.php\/wp-json\/wp\/v2\/posts\/23855","targetHints":{"allow":["GET"]}}],"collection":[{"href":"https:\/\/www.simar-louresodivelas.pt\/index.php\/wp-json\/wp\/v2\/posts"}],"about":[{"href":"https:\/\/www.simar-louresodivelas.pt\/index.php\/wp-json\/wp\/v2\/types\/post"}],"author":[{"embeddable":true,"href":"https:\/\/www.simar-louresodivelas.pt\/index.php\/wp-json\/wp\/v2\/users\/3"}],"replies":[{"embeddable":true,"href":"https:\/\/www.simar-louresodivelas.pt\/index.php\/wp-json\/wp\/v2\/comments?post=23855"}],"version-history":[{"count":9,"href":"https:\/\/www.simar-louresodivelas.pt\/index.php\/wp-json\/wp\/v2\/posts\/23855\/revisions"}],"predecessor-version":[{"id":23867,"href":"https:\/\/www.simar-louresodivelas.pt\/index.php\/wp-json\/wp\/v2\/posts\/23855\/revisions\/23867"}],"wp:featuredmedia":[{"embeddable":true,"href":"https:\/\/www.simar-louresodivelas.pt\/index.php\/wp-json\/wp\/v2\/media\/23868"}],"wp:attachment":[{"href":"https:\/\/www.simar-louresodivelas.pt\/index.php\/wp-json\/wp\/v2\/media?parent=23855"}],"wp:term":[{"taxonomy":"category","embeddable":true,"href":"https:\/\/www.simar-louresodivelas.pt\/index.php\/wp-json\/wp\/v2\/categories?post=23855"},{"taxonomy":"post_tag","embeddable":true,"href":"https:\/\/www.simar-louresodivelas.pt\/index.php\/wp-json\/wp\/v2\/tags?post=23855"}],"curies":[{"name":"wp","href":"https:\/\/api.w.org\/{rel}","templated":true}]}}