{"id":22327,"date":"2024-10-18T09:30:38","date_gmt":"2024-10-18T09:30:38","guid":{"rendered":"https:\/\/www.simar-louresodivelas.pt\/?p=22327"},"modified":"2024-10-29T12:24:45","modified_gmt":"2024-10-29T12:24:45","slug":"interrupcao-no-abastecimento-de-agua-das-08h-as-23h-do-dia-22-de-outubro-frielas","status":"publish","type":"post","link":"https:\/\/www.simar-louresodivelas.pt\/index.php\/arquivo\/22327","title":{"rendered":"Interrup\u00e7\u00e3o no abastecimento de \u00e1gua das 08h \u00e0s 23h do dia 22 de outubro &#8211; Frielas"},"content":{"rendered":"\t\t<div data-elementor-type=\"wp-post\" data-elementor-id=\"22327\" class=\"elementor elementor-22327\">\n\t\t\t\t\t\t<section class=\"elementor-section elementor-top-section elementor-element elementor-element-df9391e elementor-section-boxed elementor-section-height-default elementor-section-height-default\" data-id=\"df9391e\" data-element_type=\"section\">\n\t\t\t\t\t\t<div class=\"elementor-container elementor-column-gap-default\">\n\t\t\t\t\t<div class=\"aux-parallax-section elementor-column elementor-col-100 elementor-top-column elementor-element elementor-element-a1a147e\" data-id=\"a1a147e\" data-element_type=\"column\">\n\t\t\t<div class=\"elementor-widget-wrap elementor-element-populated\">\n\t\t\t\t\t\t<div class=\"elementor-element elementor-element-330863d elementor-widget elementor-widget-text-editor\" data-id=\"330863d\" data-element_type=\"widget\" data-widget_type=\"text-editor.default\">\n\t\t\t\t<div class=\"elementor-widget-container\">\n\t\t\t\t\t\t\t\t\t<p>Na sequ\u00eancia da realiza\u00e7\u00e3o de obras de substitui\u00e7\u00e3o de coletores dom\u00e9sticos e pluviais na Urbaniza\u00e7\u00e3o da Hercesa, informamos que:<\/p><p><strong><u>O ABASTECIMENTO DE \u00c1GUA SER\u00c1 INTERROMPIDO, PREVISIVELMENTE, ENTRE AS 08H00 E AS 23H00, NO DIA 22 DE OUTUBRO DE 2024, NOS SEGUINTES LOCAIS:<\/u><\/strong><\/p><p><strong>BAIRRO DAS LAMEIRAS \u2013 <\/strong>Rua Cidade da Covilh\u00e3, Rua Cidade de Lamego, Rua Cidade de Braga, Rua Cidade de Santar\u00e9m, Rua Cidade de Torres Vedras, Rua Cidade de Loures, Rua do Bom Jardim, Rua das Lameiras, Rua Cidade de Odivelas.<\/p><p><strong>BAIRRO DAS QUEIMADAS \u2013<\/strong> Lugar Terra da Anja, Rua da Associa\u00e7\u00e3o, Rua Castelo Pic\u00e3o, Travessa do Capit\u00e3o, Rua da Ind\u00fastria, Rua D. Fernando, Rua das Costas.<\/p><p><strong>CASAL DO TOCA VIOLA<\/strong> \u2013 Rua dos Girass\u00f3is.<\/p><p><strong>CASALINHO DA FONTE \u2013<\/strong> Rua das Oliveiras.<\/p><p><strong>FLAMENGA \u2013<\/strong> Rua Almirante Gago Coutinho, Rua Comandante Sacadura Cabral, Rua das Hortas.<\/p><p><strong>FRIELAS \u2013<\/strong> Beco S\u00e3o Juli\u00e3o, Praceta S\u00e3o Juli\u00e3o, Rua de Santa Catarina, Travessa do Jord\u00e3o, Praceta Sociedade Uni\u00e3o, Rua Quinta do Caiado, Rua da Corredora, Rua Lu\u00eds de Cam\u00f5es, Quinta Fernandina, Rua Eng. Castanheira das Neves, Rua Guilherme Soromenho, Largo D. Nuno \u00c1lvares Pereira, Largo Capit\u00e3o Oliveira Mata, Quinta Mesuras, Largo D. Fernando I, Rua D. Dinis, Rua 28 de Setembro, Rua Artur C\u00e2ndido, Praceta Quintinha, Rua da Escola Prim\u00e1ria, Rua da Fonte, Rua 1.\u00ba de Maio, Rua da Ribeira.<\/p><p><strong>PONTE DE FRIELAS \u2013<\/strong> Rua 28 de Setembro, Rua do Foge ao Vento, Casal dos Ratos, Casal Bagulho.<\/p><p><strong>TERRA DA ANJA \u2013<\/strong> Rua do Gi\u00e3o.<\/p><p><strong>URBANIZA\u00c7\u00c3O INDUSTRIAL FRIELAS \u2013<\/strong> Rua Cidade de Set\u00fabal, Rua Cidade do Porto, Rua Cidade de Beja, Rua Cidade de \u00c9vora, Rua Cidade de Aveiro, Rua Cidade de Castelo Branco, Rua Cidade de Faro, Rua Cidade de Lisboa.<\/p><p><strong>URBANIZA\u00c7\u00c3O DO CARRISCOOP \u2013<\/strong> Rua do Olival, Rua Quinta do Pinto, Praceta Olival, Praceta Carriscoop, Praceta dos Montes Agudos.<\/p><p>Estamos a trabalhar, todos os dias, para melhorar as condi\u00e7\u00f5es de abastecimento de \u00e1gua nos concelhos de Loures e Odivelas.<\/p><p>Apelamos \u00e0 compreens\u00e3o de todos e lamentamos os transtornos causados.<\/p>\t\t\t\t\t\t\t\t<\/div>\n\t\t\t\t<\/div>\n\t\t\t\t\t<\/div>\n\t\t<\/div>\n\t\t\t\t\t<\/div>\n\t\t<\/section>\n\t\t\t\t<\/div>\n\t\t","protected":false},"excerpt":{"rendered":"<p>Na sequ\u00eancia da realiza\u00e7\u00e3o de obras de substitui\u00e7\u00e3o de coletores dom\u00e9sticos e pluviais na Urbaniza\u00e7\u00e3o da Hercesa, informamos que: O ABASTECIMENTO DE \u00c1GUA SER\u00c1 INTERROMPIDO, PREVISIVELMENTE, ENTRE AS 08H00 E AS 23H00, NO DIA 22 DE OUTUBRO DE 2024, NOS SEGUINTES LOCAIS: BAIRRO DAS LAMEIRAS \u2013 Rua Cidade da Covilh\u00e3, Rua Cidade de Lamego, Rua [&hellip;]<\/p>\n","protected":false},"author":3,"featured_media":22334,"comment_status":"closed","ping_status":"open","sticky":false,"template":"","format":"standard","meta":{"_monsterinsights_skip_tracking":false,"_monsterinsights_sitenote_active":false,"_monsterinsights_sitenote_note":"","_monsterinsights_sitenote_category":0,"_uf_show_specific_survey":0,"_uf_disable_surveys":false,"footnotes":""},"categories":[32],"tags":[],"class_list":["post-22327","post","type-post","status-publish","format-standard","has-post-thumbnail","hentry","category-avisos-a-populacao"],"aioseo_notices":[],"_links":{"self":[{"href":"https:\/\/www.simar-louresodivelas.pt\/index.php\/wp-json\/wp\/v2\/posts\/22327","targetHints":{"allow":["GET"]}}],"collection":[{"href":"https:\/\/www.simar-louresodivelas.pt\/index.php\/wp-json\/wp\/v2\/posts"}],"about":[{"href":"https:\/\/www.simar-louresodivelas.pt\/index.php\/wp-json\/wp\/v2\/types\/post"}],"author":[{"embeddable":true,"href":"https:\/\/www.simar-louresodivelas.pt\/index.php\/wp-json\/wp\/v2\/users\/3"}],"replies":[{"embeddable":true,"href":"https:\/\/www.simar-louresodivelas.pt\/index.php\/wp-json\/wp\/v2\/comments?post=22327"}],"version-history":[{"count":5,"href":"https:\/\/www.simar-louresodivelas.pt\/index.php\/wp-json\/wp\/v2\/posts\/22327\/revisions"}],"predecessor-version":[{"id":22335,"href":"https:\/\/www.simar-louresodivelas.pt\/index.php\/wp-json\/wp\/v2\/posts\/22327\/revisions\/22335"}],"wp:featuredmedia":[{"embeddable":true,"href":"https:\/\/www.simar-louresodivelas.pt\/index.php\/wp-json\/wp\/v2\/media\/22334"}],"wp:attachment":[{"href":"https:\/\/www.simar-louresodivelas.pt\/index.php\/wp-json\/wp\/v2\/media?parent=22327"}],"wp:term":[{"taxonomy":"category","embeddable":true,"href":"https:\/\/www.simar-louresodivelas.pt\/index.php\/wp-json\/wp\/v2\/categories?post=22327"},{"taxonomy":"post_tag","embeddable":true,"href":"https:\/\/www.simar-louresodivelas.pt\/index.php\/wp-json\/wp\/v2\/tags?post=22327"}],"curies":[{"name":"wp","href":"https:\/\/api.w.org\/{rel}","templated":true}]}}