{"id":21901,"date":"2024-10-03T09:47:45","date_gmt":"2024-10-03T09:47:45","guid":{"rendered":"https:\/\/www.simar-louresodivelas.pt\/?p=21901"},"modified":"2025-01-09T11:41:32","modified_gmt":"2025-01-09T11:41:32","slug":"simar-recebem-selo-de-qualidade-exemplar-de-agua-para-consumo-humano","status":"publish","type":"post","link":"https:\/\/www.simar-louresodivelas.pt\/index.php\/arquivo\/21901","title":{"rendered":"SIMAR recebem Selo de Qualidade Exemplar de \u00c1gua para Consumo Humano"},"content":{"rendered":"\t\t<div data-elementor-type=\"wp-post\" data-elementor-id=\"21901\" class=\"elementor elementor-21901\">\n\t\t\t\t\t\t<section class=\"elementor-section elementor-top-section elementor-element elementor-element-df9391e elementor-section-boxed elementor-section-height-default elementor-section-height-default\" data-id=\"df9391e\" data-element_type=\"section\">\n\t\t\t\t\t\t<div class=\"elementor-container elementor-column-gap-default\">\n\t\t\t\t\t<div class=\"aux-parallax-section elementor-column elementor-col-100 elementor-top-column elementor-element elementor-element-a1a147e\" data-id=\"a1a147e\" data-element_type=\"column\">\n\t\t\t<div class=\"elementor-widget-wrap elementor-element-populated\">\n\t\t\t\t\t\t<div class=\"elementor-element elementor-element-330863d elementor-widget elementor-widget-text-editor\" data-id=\"330863d\" data-element_type=\"widget\" data-widget_type=\"text-editor.default\">\n\t\t\t\t<div class=\"elementor-widget-container\">\n\t\t\t\t\t\t\t\t\t<p>Os SIMAR de Loures e Odivelas receberam, mais uma vez, esta distin\u00e7\u00e3o que garante elevados padr\u00f5es de <span style=\"text-decoration: underline; color: #316cb5;\"><a style=\"color: #316cb5; text-decoration: underline;\" href=\"https:\/\/www.simar-louresodivelas.pt\/index.php\/controlo-da-qualidade-da-agua\" target=\"_blank\" rel=\"noopener\">qualidade na \u00e1gua<\/a><\/span> distribu\u00edda para consumo humano.<\/p><p>A cerim\u00f3nia de atribui\u00e7\u00e3o do <strong>Selo da Qualidade Exemplar de \u00c1gua para Consumo Humano<\/strong> teve lugar no encontro SENAG \u2013 Semin\u00e1rio Nacional de Abastecimento de \u00c1gua, promovido pela APDA \u2013 Associa\u00e7\u00e3o Portuguesa de Distribui\u00e7\u00e3o e Drenagem de \u00c1guas, ontem, ao final da tarde. A distin\u00e7\u00e3o \u00e9 atribu\u00edda pela Entidade Reguladora dos Servi\u00e7os de \u00c1guas e Res\u00edduos (<span style=\"color: #316cb5;\"><a style=\"color: #316cb5;\" href=\"https:\/\/www.ersar.pt\/pt\" target=\"_blank\" rel=\"noopener\"><span style=\"text-decoration: underline;\">ERSAR<\/span><\/a><\/span>).<\/p><p>A qualidade da \u00e1gua distribu\u00edda \u00e9 n\u00e3o apenas um compromisso mas uma responsabilidade associada \u00e0 presta\u00e7\u00e3o de servi\u00e7o p\u00fablico essencial \u00e0s popula\u00e7\u00f5es e do bem-estar e sa\u00fade incontorn\u00e1veis na sociedade moderna.<\/p>\t\t\t\t\t\t\t\t<\/div>\n\t\t\t\t<\/div>\n\t\t\t\t\t<\/div>\n\t\t<\/div>\n\t\t\t\t\t<\/div>\n\t\t<\/section>\n\t\t\t\t<section class=\"elementor-section elementor-top-section elementor-element elementor-element-bd2ce1f elementor-section-boxed elementor-section-height-default elementor-section-height-default\" data-id=\"bd2ce1f\" data-element_type=\"section\">\n\t\t\t\t\t\t<div class=\"elementor-container elementor-column-gap-default\">\n\t\t\t\t\t<div class=\"aux-parallax-section elementor-column elementor-col-50 elementor-top-column elementor-element elementor-element-bab69c1\" data-id=\"bab69c1\" data-element_type=\"column\">\n\t\t\t<div class=\"elementor-widget-wrap elementor-element-populated\">\n\t\t\t\t\t\t<div class=\"elementor-element elementor-element-6f08874 elementor-widget elementor-widget-image\" data-id=\"6f08874\" data-element_type=\"widget\" data-widget_type=\"image.default\">\n\t\t\t\t<div class=\"elementor-widget-container\">\n\t\t\t\t\t\t\t\t\t\t\t\t\t\t\t<img fetchpriority=\"high\" decoding=\"async\" width=\"396\" height=\"360\" src=\"https:\/\/www.simar-louresodivelas.pt\/wp-content\/uploads\/2024\/10\/9B1638E4-5A3A-48F5-8145-82885ECE4748-396x360.jpeg\" class=\"attachment-htmega_size_396x360 size-htmega_size_396x360 wp-image-21904\" alt=\"\" \/>\t\t\t\t\t\t\t\t\t\t\t\t\t\t\t<\/div>\n\t\t\t\t<\/div>\n\t\t\t\t\t<\/div>\n\t\t<\/div>\n\t\t\t\t<div class=\"aux-parallax-section elementor-column elementor-col-50 elementor-top-column elementor-element elementor-element-9c5ce8c\" data-id=\"9c5ce8c\" data-element_type=\"column\">\n\t\t\t<div class=\"elementor-widget-wrap elementor-element-populated\">\n\t\t\t\t\t\t<div class=\"elementor-element elementor-element-adb0162 elementor-widget elementor-widget-image\" data-id=\"adb0162\" data-element_type=\"widget\" data-widget_type=\"image.default\">\n\t\t\t\t<div class=\"elementor-widget-container\">\n\t\t\t\t\t\t\t\t\t\t\t\t\t\t\t<img decoding=\"async\" width=\"218\" height=\"240\" src=\"https:\/\/www.simar-louresodivelas.pt\/wp-content\/uploads\/2024\/09\/Seladas_QEA2024-1.jpg\" class=\"attachment-htmega_size_396x360 size-htmega_size_396x360 wp-image-21520\" alt=\"\" \/>\t\t\t\t\t\t\t\t\t\t\t\t\t\t\t<\/div>\n\t\t\t\t<\/div>\n\t\t\t\t\t<\/div>\n\t\t<\/div>\n\t\t\t\t\t<\/div>\n\t\t<\/section>\n\t\t\t\t<\/div>\n\t\t","protected":false},"excerpt":{"rendered":"<p>Os SIMAR de Loures e Odivelas receberam, mais uma vez, esta distin\u00e7\u00e3o que garante elevados padr\u00f5es de qualidade na \u00e1gua distribu\u00edda para consumo humano. A cerim\u00f3nia de atribui\u00e7\u00e3o do Selo da Qualidade Exemplar de \u00c1gua para Consumo Humano teve lugar no encontro SENAG \u2013 Semin\u00e1rio Nacional de Abastecimento de \u00c1gua, promovido pela APDA \u2013 Associa\u00e7\u00e3o [&hellip;]<\/p>\n","protected":false},"author":3,"featured_media":21904,"comment_status":"closed","ping_status":"open","sticky":false,"template":"","format":"standard","meta":{"_monsterinsights_skip_tracking":false,"_monsterinsights_sitenote_active":false,"_monsterinsights_sitenote_note":"","_monsterinsights_sitenote_category":0,"_uf_show_specific_survey":0,"_uf_disable_surveys":false,"footnotes":""},"categories":[15],"tags":[],"class_list":["post-21901","post","type-post","status-publish","format-standard","has-post-thumbnail","hentry","category-historico"],"aioseo_notices":[],"_links":{"self":[{"href":"https:\/\/www.simar-louresodivelas.pt\/index.php\/wp-json\/wp\/v2\/posts\/21901","targetHints":{"allow":["GET"]}}],"collection":[{"href":"https:\/\/www.simar-louresodivelas.pt\/index.php\/wp-json\/wp\/v2\/posts"}],"about":[{"href":"https:\/\/www.simar-louresodivelas.pt\/index.php\/wp-json\/wp\/v2\/types\/post"}],"author":[{"embeddable":true,"href":"https:\/\/www.simar-louresodivelas.pt\/index.php\/wp-json\/wp\/v2\/users\/3"}],"replies":[{"embeddable":true,"href":"https:\/\/www.simar-louresodivelas.pt\/index.php\/wp-json\/wp\/v2\/comments?post=21901"}],"version-history":[{"count":9,"href":"https:\/\/www.simar-louresodivelas.pt\/index.php\/wp-json\/wp\/v2\/posts\/21901\/revisions"}],"predecessor-version":[{"id":26123,"href":"https:\/\/www.simar-louresodivelas.pt\/index.php\/wp-json\/wp\/v2\/posts\/21901\/revisions\/26123"}],"wp:featuredmedia":[{"embeddable":true,"href":"https:\/\/www.simar-louresodivelas.pt\/index.php\/wp-json\/wp\/v2\/media\/21904"}],"wp:attachment":[{"href":"https:\/\/www.simar-louresodivelas.pt\/index.php\/wp-json\/wp\/v2\/media?parent=21901"}],"wp:term":[{"taxonomy":"category","embeddable":true,"href":"https:\/\/www.simar-louresodivelas.pt\/index.php\/wp-json\/wp\/v2\/categories?post=21901"},{"taxonomy":"post_tag","embeddable":true,"href":"https:\/\/www.simar-louresodivelas.pt\/index.php\/wp-json\/wp\/v2\/tags?post=21901"}],"curies":[{"name":"wp","href":"https:\/\/api.w.org\/{rel}","templated":true}]}}