{"id":21845,"date":"2024-10-01T15:42:42","date_gmt":"2024-10-01T15:42:42","guid":{"rendered":"https:\/\/www.simar-louresodivelas.pt\/?p=21845"},"modified":"2024-10-29T12:26:32","modified_gmt":"2024-10-29T12:26:32","slug":"interrupcao-no-abastecimento-de-agua-das-9h-as-13h-do-dia-16-de-setembro-rua-almirante-gago-coutinho-santo-antonio-dos-cavaleiros","status":"publish","type":"post","link":"https:\/\/www.simar-louresodivelas.pt\/index.php\/arquivo\/21845","title":{"rendered":"Interrup\u00e7\u00e3o no Abastecimento de \u00c1gua das 9h30 \u00e0s 15h00 do dia 3 de outubro &#8211; Odivelas"},"content":{"rendered":"\t\t<div data-elementor-type=\"wp-post\" data-elementor-id=\"21845\" class=\"elementor elementor-21845\">\n\t\t\t\t\t\t<section class=\"elementor-section elementor-top-section elementor-element elementor-element-08efb1a elementor-section-boxed elementor-section-height-default elementor-section-height-default\" data-id=\"08efb1a\" data-element_type=\"section\">\n\t\t\t\t\t\t<div class=\"elementor-container elementor-column-gap-default\">\n\t\t\t\t\t<div class=\"aux-parallax-section elementor-column elementor-col-100 elementor-top-column elementor-element elementor-element-7155c4e\" data-id=\"7155c4e\" data-element_type=\"column\">\n\t\t\t<div class=\"elementor-widget-wrap elementor-element-populated\">\n\t\t\t\t\t\t<div class=\"elementor-element elementor-element-e449381 elementor-widget elementor-widget-text-editor\" data-id=\"e449381\" data-element_type=\"widget\" data-widget_type=\"text-editor.default\">\n\t\t\t\t<div class=\"elementor-widget-container\">\n\t\t\t\t\t\t\t\t\t<p>No \u00e2mbito da substitui\u00e7\u00e3o de condutas da rede de abastecimento de \u00e1gua, \u00e9 necess\u00e1rio proceder a trabalhos de liga\u00e7\u00e3o da conduta nova \u00e0 rede existente.<\/p><p><strong><u>Assim, o abastecimento de \u00e1gua ser\u00e1 interrompido das 9h30 \u00e0s 15h00 no dia 3 de outubro de 2024, nas seguintes zonas: \u00a0<\/u><\/strong><\/p><p>Rua Alexandre Herculano, Rua E\u00e7a de Queiroz, Rua Major Caldas Xavier, Rua 28 de Maio, Pra\u00e7a D. Afonso de Albuquerque, Rua General Alves Ro\u00e7adas, Rua Padre Am\u00e9rico, Rua Guerra Junqueiro, Rua Jo\u00e3o de Deus, Rua 5 de Outubro, Rua D. Filipa Lencastre, Rua Jos\u00e9 Gomes Monteiro, Rua Almeida Garrett, Praceta Augusto de Castilho, Rua Prof. Dr. Egas Moniz, Rua C\u00e2ndido dos Reis, Rua Guilherme Gomes Fernandes, Rua Camilo Castelo Branco, Largo Elina Guimar\u00e3es, Rua Doutora Maria M\u00e1xima Vaz, Rua General Alves Ro\u00e7adas.<\/p><p>Estamos a trabalhar, todos os dias, para melhorar as condi\u00e7\u00f5es de abastecimento de \u00e1gua nos concelhos de Loures e Odivelas.<\/p><p>Apelamos \u00e0 compreens\u00e3o de todos e lamentamos os transtornos causados.<\/p>\t\t\t\t\t\t\t\t<\/div>\n\t\t\t\t<\/div>\n\t\t\t\t\t<\/div>\n\t\t<\/div>\n\t\t\t\t\t<\/div>\n\t\t<\/section>\n\t\t\t\t<\/div>\n\t\t","protected":false},"excerpt":{"rendered":"<p>No \u00e2mbito da substitui\u00e7\u00e3o de condutas da rede de abastecimento de \u00e1gua, \u00e9 necess\u00e1rio proceder a trabalhos de liga\u00e7\u00e3o da conduta nova \u00e0 rede existente. Assim, o abastecimento de \u00e1gua ser\u00e1 interrompido das 9h30 \u00e0s 15h00 no dia 3 de outubro de 2024, nas seguintes zonas: \u00a0 Rua Alexandre Herculano, Rua E\u00e7a de Queiroz, Rua [&hellip;]<\/p>\n","protected":false},"author":3,"featured_media":21862,"comment_status":"closed","ping_status":"open","sticky":false,"template":"","format":"standard","meta":{"_monsterinsights_skip_tracking":false,"_monsterinsights_sitenote_active":false,"_monsterinsights_sitenote_note":"","_monsterinsights_sitenote_category":0,"_uf_show_specific_survey":0,"_uf_disable_surveys":false,"footnotes":""},"categories":[32],"tags":[],"class_list":["post-21845","post","type-post","status-publish","format-standard","has-post-thumbnail","hentry","category-avisos-a-populacao"],"aioseo_notices":[],"_links":{"self":[{"href":"https:\/\/www.simar-louresodivelas.pt\/index.php\/wp-json\/wp\/v2\/posts\/21845","targetHints":{"allow":["GET"]}}],"collection":[{"href":"https:\/\/www.simar-louresodivelas.pt\/index.php\/wp-json\/wp\/v2\/posts"}],"about":[{"href":"https:\/\/www.simar-louresodivelas.pt\/index.php\/wp-json\/wp\/v2\/types\/post"}],"author":[{"embeddable":true,"href":"https:\/\/www.simar-louresodivelas.pt\/index.php\/wp-json\/wp\/v2\/users\/3"}],"replies":[{"embeddable":true,"href":"https:\/\/www.simar-louresodivelas.pt\/index.php\/wp-json\/wp\/v2\/comments?post=21845"}],"version-history":[{"count":6,"href":"https:\/\/www.simar-louresodivelas.pt\/index.php\/wp-json\/wp\/v2\/posts\/21845\/revisions"}],"predecessor-version":[{"id":21863,"href":"https:\/\/www.simar-louresodivelas.pt\/index.php\/wp-json\/wp\/v2\/posts\/21845\/revisions\/21863"}],"wp:featuredmedia":[{"embeddable":true,"href":"https:\/\/www.simar-louresodivelas.pt\/index.php\/wp-json\/wp\/v2\/media\/21862"}],"wp:attachment":[{"href":"https:\/\/www.simar-louresodivelas.pt\/index.php\/wp-json\/wp\/v2\/media?parent=21845"}],"wp:term":[{"taxonomy":"category","embeddable":true,"href":"https:\/\/www.simar-louresodivelas.pt\/index.php\/wp-json\/wp\/v2\/categories?post=21845"},{"taxonomy":"post_tag","embeddable":true,"href":"https:\/\/www.simar-louresodivelas.pt\/index.php\/wp-json\/wp\/v2\/tags?post=21845"}],"curies":[{"name":"wp","href":"https:\/\/api.w.org\/{rel}","templated":true}]}}