{"id":19672,"date":"2024-07-01T09:41:49","date_gmt":"2024-07-01T09:41:49","guid":{"rendered":"https:\/\/www.simar-louresodivelas.pt\/?p=19672"},"modified":"2024-10-29T12:34:04","modified_gmt":"2024-10-29T12:34:04","slug":"intervencao-na-rua-escadinhas-da-democracia-no-olival-basto","status":"publish","type":"post","link":"https:\/\/www.simar-louresodivelas.pt\/index.php\/arquivo\/19672","title":{"rendered":"Interven\u00e7\u00e3o na Rua Escadinhas da Democracia, no Olival Basto"},"content":{"rendered":"\t\t<div data-elementor-type=\"wp-post\" data-elementor-id=\"19672\" class=\"elementor elementor-19672\">\n\t\t\t\t\t\t<section class=\"elementor-section elementor-top-section elementor-element elementor-element-08efb1a elementor-section-boxed elementor-section-height-default elementor-section-height-default\" data-id=\"08efb1a\" data-element_type=\"section\">\n\t\t\t\t\t\t<div class=\"elementor-container elementor-column-gap-default\">\n\t\t\t\t\t<div class=\"aux-parallax-section elementor-column elementor-col-100 elementor-top-column elementor-element elementor-element-7155c4e\" data-id=\"7155c4e\" data-element_type=\"column\">\n\t\t\t<div class=\"elementor-widget-wrap elementor-element-populated\">\n\t\t\t\t\t\t<div class=\"elementor-element elementor-element-e449381 elementor-widget elementor-widget-text-editor\" data-id=\"e449381\" data-element_type=\"widget\" data-widget_type=\"text-editor.default\">\n\t\t\t\t<div class=\"elementor-widget-container\">\n\t\t\t\t\t\t\t\t\t<p style=\"text-align: justify; line-height: 150%; background: white; margin: 0cm 0cm 12.0pt 0cm;\"><span style=\"color: black;\">No pr\u00f3ximo <b><u>dia 2 de julho<\/u><\/b>, os SIMAR de Loures e Odivelas v\u00e3o iniciar uma interven\u00e7\u00e3o na <b><u>Rua Escadinhas da Democracia, Olival Basto, Odivelas<\/u><\/b>, que visa a substitui\u00e7\u00e3o da rede de abastecimento de \u00e1gua.<\/span><\/p><p style=\"text-align: justify; line-height: 150%; background: white; margin: 0cm 0cm 12.0pt 0cm;\"><span style=\"color: black;\">A obra tem dura\u00e7\u00e3o prevista de 20 dias. Alertamos que, pontualmente, poder\u00e3o ocorrer constrangimentos no abastecimento de \u00e1gua.<\/span><\/p><p style=\"text-align: justify; line-height: 150%; background: white; margin: 0cm 0cm 12.0pt 0cm;\"><span style=\"color: black;\">Estamos a trabalhar, todos os dias, para melhorar as condi\u00e7\u00f5es de abastecimento de \u00e1gua nos concelhos de Loures e Odivelas.<\/span><\/p><p style=\"text-align: justify; line-height: 150%; background: white; margin: 0cm 0cm 12.0pt 0cm;\"><span style=\"color: black;\">Apelamos \u00e0 compreens\u00e3o de todos e lamentamos eventuais transtornos causados.<\/span><\/p>\t\t\t\t\t\t\t\t<\/div>\n\t\t\t\t<\/div>\n\t\t\t\t\t<\/div>\n\t\t<\/div>\n\t\t\t\t\t<\/div>\n\t\t<\/section>\n\t\t\t\t<\/div>\n\t\t","protected":false},"excerpt":{"rendered":"<p>No pr\u00f3ximo dia 2 de julho, os SIMAR de Loures e Odivelas v\u00e3o iniciar uma interven\u00e7\u00e3o na Rua Escadinhas da Democracia, Olival Basto, Odivelas, que visa a substitui\u00e7\u00e3o da rede de abastecimento de \u00e1gua. A obra tem dura\u00e7\u00e3o prevista de 20 dias. Alertamos que, pontualmente, poder\u00e3o ocorrer constrangimentos no abastecimento de \u00e1gua. Estamos a trabalhar, [&hellip;]<\/p>\n","protected":false},"author":3,"featured_media":19684,"comment_status":"closed","ping_status":"open","sticky":false,"template":"","format":"standard","meta":{"_monsterinsights_skip_tracking":false,"_monsterinsights_sitenote_active":false,"_monsterinsights_sitenote_note":"","_monsterinsights_sitenote_category":0,"_uf_show_specific_survey":0,"_uf_disable_surveys":false,"footnotes":""},"categories":[32],"tags":[],"class_list":["post-19672","post","type-post","status-publish","format-standard","has-post-thumbnail","hentry","category-avisos-a-populacao"],"aioseo_notices":[],"_links":{"self":[{"href":"https:\/\/www.simar-louresodivelas.pt\/index.php\/wp-json\/wp\/v2\/posts\/19672","targetHints":{"allow":["GET"]}}],"collection":[{"href":"https:\/\/www.simar-louresodivelas.pt\/index.php\/wp-json\/wp\/v2\/posts"}],"about":[{"href":"https:\/\/www.simar-louresodivelas.pt\/index.php\/wp-json\/wp\/v2\/types\/post"}],"author":[{"embeddable":true,"href":"https:\/\/www.simar-louresodivelas.pt\/index.php\/wp-json\/wp\/v2\/users\/3"}],"replies":[{"embeddable":true,"href":"https:\/\/www.simar-louresodivelas.pt\/index.php\/wp-json\/wp\/v2\/comments?post=19672"}],"version-history":[{"count":8,"href":"https:\/\/www.simar-louresodivelas.pt\/index.php\/wp-json\/wp\/v2\/posts\/19672\/revisions"}],"predecessor-version":[{"id":19681,"href":"https:\/\/www.simar-louresodivelas.pt\/index.php\/wp-json\/wp\/v2\/posts\/19672\/revisions\/19681"}],"wp:featuredmedia":[{"embeddable":true,"href":"https:\/\/www.simar-louresodivelas.pt\/index.php\/wp-json\/wp\/v2\/media\/19684"}],"wp:attachment":[{"href":"https:\/\/www.simar-louresodivelas.pt\/index.php\/wp-json\/wp\/v2\/media?parent=19672"}],"wp:term":[{"taxonomy":"category","embeddable":true,"href":"https:\/\/www.simar-louresodivelas.pt\/index.php\/wp-json\/wp\/v2\/categories?post=19672"},{"taxonomy":"post_tag","embeddable":true,"href":"https:\/\/www.simar-louresodivelas.pt\/index.php\/wp-json\/wp\/v2\/tags?post=19672"}],"curies":[{"name":"wp","href":"https:\/\/api.w.org\/{rel}","templated":true}]}}