{"id":19517,"date":"2024-06-25T15:16:58","date_gmt":"2024-06-25T15:16:58","guid":{"rendered":"https:\/\/www.simar-louresodivelas.pt\/?p=19517"},"modified":"2024-10-29T12:36:30","modified_gmt":"2024-10-29T12:36:30","slug":"interrupcao-no-abastecimento-de-agua-das-8h45-as-15h30-do-dia-27-de-junho-ramada","status":"publish","type":"post","link":"https:\/\/www.simar-louresodivelas.pt\/index.php\/arquivo\/19517","title":{"rendered":"Interrup\u00e7\u00e3o no Abastecimento de \u00c1gua | Das 8h45 \u00e0s 15h30 do dia 27 de Junho | Ramada"},"content":{"rendered":"\t\t<div data-elementor-type=\"wp-post\" data-elementor-id=\"19517\" class=\"elementor elementor-19517\">\n\t\t\t\t\t\t<section class=\"elementor-section elementor-top-section elementor-element elementor-element-08efb1a elementor-section-boxed elementor-section-height-default elementor-section-height-default\" data-id=\"08efb1a\" data-element_type=\"section\">\n\t\t\t\t\t\t<div class=\"elementor-container elementor-column-gap-default\">\n\t\t\t\t\t<div class=\"aux-parallax-section elementor-column elementor-col-100 elementor-top-column elementor-element elementor-element-7155c4e\" data-id=\"7155c4e\" data-element_type=\"column\">\n\t\t\t<div class=\"elementor-widget-wrap elementor-element-populated\">\n\t\t\t\t\t\t<div class=\"elementor-element elementor-element-e449381 elementor-widget elementor-widget-text-editor\" data-id=\"e449381\" data-element_type=\"widget\" data-widget_type=\"text-editor.default\">\n\t\t\t\t<div class=\"elementor-widget-container\">\n\t\t\t\t\t\t\t\t\t<p>Em sequ\u00eancia da realiza\u00e7\u00e3o de trabalhos na rede de abastecimento de \u00e1gua, informamos:<\/p><p><strong>O ABASTECIMENTO DE \u00c1GUA SER\u00c1 INTERROMPIDO, PREVISIVELMENTE, ENTRE AS 8H45 E AS 15H30, NO DIA 27 DE JUNHO DE 2024, NA RAMADA, NAS SEGUINTES ZONAS:<\/strong><\/p><p>\u00a0<\/p><ul><li><strong>BAIRRO CASAL DOS APR\u00c9STIMOS: <\/strong>Rua Amadeu Sousa Cardoso, Rua Domingos Sequeira, Rua Carlos Reis, Rua Tom\u00e1s da Anuncia\u00e7\u00e3o, Rua Alfredo Keill, Rua Columbano Bordalo Pinheiro, Rua Jos\u00e9 Malhoa, Rua Francisco de Holanda, Rua 4 de Outubro e Rua Josefa de \u00d3bidos.<\/li><\/ul><ul><li><strong>BAIRRO DA CAROCHIA:<\/strong> Rua Professor Rui Lu\u00eds Gomes, Pra\u00e7a Eduardo Lu\u00eds I, Rua Carlos Reis, Rua 4 de Outubro, Rua do Para\u00edso, Rua Abel Manta, Rua Nova, Rua M\u00e1rio Dion\u00edsio e Pra\u00e7a Sara Afonso.<\/li><\/ul><ul><li><strong>JARDIM DA RADIAL:<\/strong> Rua do Jardim, Avenida da Liberdade, Rua Afonso Costa, Rua Heliodoro Salgado, Rua Norton de Matos, Rua do Sol, Rua Eduardo Viana, Rua Jos\u00e9 Estev\u00e3o de Vasconcelos, Rua Augusto Manuel<br \/>Alves da Veiga e Rua Augusto de Vasconcelos.<\/li><\/ul><ul><li><strong>URB. JARDIM DA AMOREIRA:<\/strong> Rua Fernando Farinha.<\/li><\/ul><ul><li><strong>AVENIDA ARISTIDES DE SOUSA MENDES e AVENIDA 25 DE ABRIL.<\/strong><\/li><\/ul><p>Estamos a trabalhar, todos os dias, para melhorar as condi\u00e7\u00f5es de abastecimento<br \/>de \u00e1gua nos concelhos de Loures e Odivelas.<\/p><p>Apelamos \u00e0 compreens\u00e3o de todos e lamentamos os transtornos causados<\/p>\t\t\t\t\t\t\t\t<\/div>\n\t\t\t\t<\/div>\n\t\t\t\t\t<\/div>\n\t\t<\/div>\n\t\t\t\t\t<\/div>\n\t\t<\/section>\n\t\t\t\t<\/div>\n\t\t","protected":false},"excerpt":{"rendered":"<p>Em sequ\u00eancia da realiza\u00e7\u00e3o de trabalhos na rede de abastecimento de \u00e1gua, informamos: O ABASTECIMENTO DE \u00c1GUA SER\u00c1 INTERROMPIDO, PREVISIVELMENTE, ENTRE AS 8H45 E AS 15H30, NO DIA 27 DE JUNHO DE 2024, NA RAMADA, NAS SEGUINTES ZONAS: BAIRRO CASAL DOS APR\u00c9STIMOS: Rua Amadeu Sousa Cardoso, Rua Domingos Sequeira, Rua Carlos Reis, Rua Tom\u00e1s da [&hellip;]<\/p>\n","protected":false},"author":3,"featured_media":19522,"comment_status":"closed","ping_status":"open","sticky":false,"template":"","format":"standard","meta":{"_monsterinsights_skip_tracking":false,"_monsterinsights_sitenote_active":false,"_monsterinsights_sitenote_note":"","_monsterinsights_sitenote_category":0,"_uf_show_specific_survey":0,"_uf_disable_surveys":false,"footnotes":""},"categories":[32],"tags":[],"class_list":["post-19517","post","type-post","status-publish","format-standard","has-post-thumbnail","hentry","category-avisos-a-populacao"],"aioseo_notices":[],"_links":{"self":[{"href":"https:\/\/www.simar-louresodivelas.pt\/index.php\/wp-json\/wp\/v2\/posts\/19517","targetHints":{"allow":["GET"]}}],"collection":[{"href":"https:\/\/www.simar-louresodivelas.pt\/index.php\/wp-json\/wp\/v2\/posts"}],"about":[{"href":"https:\/\/www.simar-louresodivelas.pt\/index.php\/wp-json\/wp\/v2\/types\/post"}],"author":[{"embeddable":true,"href":"https:\/\/www.simar-louresodivelas.pt\/index.php\/wp-json\/wp\/v2\/users\/3"}],"replies":[{"embeddable":true,"href":"https:\/\/www.simar-louresodivelas.pt\/index.php\/wp-json\/wp\/v2\/comments?post=19517"}],"version-history":[{"count":5,"href":"https:\/\/www.simar-louresodivelas.pt\/index.php\/wp-json\/wp\/v2\/posts\/19517\/revisions"}],"predecessor-version":[{"id":19523,"href":"https:\/\/www.simar-louresodivelas.pt\/index.php\/wp-json\/wp\/v2\/posts\/19517\/revisions\/19523"}],"wp:featuredmedia":[{"embeddable":true,"href":"https:\/\/www.simar-louresodivelas.pt\/index.php\/wp-json\/wp\/v2\/media\/19522"}],"wp:attachment":[{"href":"https:\/\/www.simar-louresodivelas.pt\/index.php\/wp-json\/wp\/v2\/media?parent=19517"}],"wp:term":[{"taxonomy":"category","embeddable":true,"href":"https:\/\/www.simar-louresodivelas.pt\/index.php\/wp-json\/wp\/v2\/categories?post=19517"},{"taxonomy":"post_tag","embeddable":true,"href":"https:\/\/www.simar-louresodivelas.pt\/index.php\/wp-json\/wp\/v2\/tags?post=19517"}],"curies":[{"name":"wp","href":"https:\/\/api.w.org\/{rel}","templated":true}]}}