{"id":19210,"date":"2024-06-13T16:25:37","date_gmt":"2024-06-13T16:25:37","guid":{"rendered":"https:\/\/www.simar-louresodivelas.pt\/?p=19210"},"modified":"2024-10-29T12:37:40","modified_gmt":"2024-10-29T12:37:40","slug":"greve-na-valorsul-compromete-recolha-de-residuos-14-e-15-de-junho","status":"publish","type":"post","link":"https:\/\/www.simar-louresodivelas.pt\/index.php\/arquivo\/19210","title":{"rendered":"Greve na Valorsul compromete recolha de res\u00edduos &#8211; 14 e 15 de junho"},"content":{"rendered":"\t\t<div data-elementor-type=\"wp-post\" data-elementor-id=\"19210\" class=\"elementor elementor-19210\">\n\t\t\t\t\t\t<section class=\"elementor-section elementor-top-section elementor-element elementor-element-0705d43 elementor-section-boxed elementor-section-height-default elementor-section-height-default\" data-id=\"0705d43\" data-element_type=\"section\">\n\t\t\t\t\t\t<div class=\"elementor-container elementor-column-gap-default\">\n\t\t\t\t\t<div class=\"aux-parallax-section elementor-column elementor-col-100 elementor-top-column elementor-element elementor-element-3ea5781\" data-id=\"3ea5781\" data-element_type=\"column\">\n\t\t\t<div class=\"elementor-widget-wrap elementor-element-populated\">\n\t\t\t\t\t\t<div class=\"elementor-element elementor-element-b9b9ff8 elementor-widget elementor-widget-text-editor\" data-id=\"b9b9ff8\" data-element_type=\"widget\" data-widget_type=\"text-editor.default\">\n\t\t\t\t<div class=\"elementor-widget-container\">\n\t\t\t\t\t\t\t\t\t<p class=\"xmsonormal\"><span style=\"font-size: 11.0pt;\">Devido \u00e0 greve dos trabalhadores da Valorsul, a recolha de res\u00edduos em Loures e Odivelas poder\u00e1 estar comprometida, nos dias 14 e 15 de junho.<\/span><\/p><p class=\"xmsonormal\"><span style=\"font-size: 11.0pt;\">Os SIMAR v\u00e3o desenvolver todos os esfor\u00e7os para minimizar os constrangimentos.<\/span><\/p><p class=\"xmsonormal\"><span style=\"font-size: 11.0pt;\">Agradecemos a melhor compreens\u00e3o face a uma situa\u00e7\u00e3o \u00e0 qual os SIMAR s\u00e3o alheios.<\/span><\/p>\t\t\t\t\t\t\t\t<\/div>\n\t\t\t\t<\/div>\n\t\t\t\t\t<\/div>\n\t\t<\/div>\n\t\t\t\t\t<\/div>\n\t\t<\/section>\n\t\t\t\t<\/div>\n\t\t","protected":false},"excerpt":{"rendered":"<p>Devido \u00e0 greve dos trabalhadores da Valorsul, a recolha de res\u00edduos em Loures e Odivelas poder\u00e1 estar comprometida, nos dias 14 e 15 de junho. Os SIMAR v\u00e3o desenvolver todos os esfor\u00e7os para minimizar os constrangimentos. Agradecemos a melhor compreens\u00e3o face a uma situa\u00e7\u00e3o \u00e0 qual os SIMAR s\u00e3o alheios.<\/p>\n","protected":false},"author":1,"featured_media":19212,"comment_status":"closed","ping_status":"open","sticky":false,"template":"","format":"standard","meta":{"_monsterinsights_skip_tracking":false,"_monsterinsights_sitenote_active":false,"_monsterinsights_sitenote_note":"","_monsterinsights_sitenote_category":0,"_uf_show_specific_survey":0,"_uf_disable_surveys":false,"footnotes":""},"categories":[32],"tags":[],"class_list":["post-19210","post","type-post","status-publish","format-standard","has-post-thumbnail","hentry","category-avisos-a-populacao"],"aioseo_notices":[],"_links":{"self":[{"href":"https:\/\/www.simar-louresodivelas.pt\/index.php\/wp-json\/wp\/v2\/posts\/19210","targetHints":{"allow":["GET"]}}],"collection":[{"href":"https:\/\/www.simar-louresodivelas.pt\/index.php\/wp-json\/wp\/v2\/posts"}],"about":[{"href":"https:\/\/www.simar-louresodivelas.pt\/index.php\/wp-json\/wp\/v2\/types\/post"}],"author":[{"embeddable":true,"href":"https:\/\/www.simar-louresodivelas.pt\/index.php\/wp-json\/wp\/v2\/users\/1"}],"replies":[{"embeddable":true,"href":"https:\/\/www.simar-louresodivelas.pt\/index.php\/wp-json\/wp\/v2\/comments?post=19210"}],"version-history":[{"count":11,"href":"https:\/\/www.simar-louresodivelas.pt\/index.php\/wp-json\/wp\/v2\/posts\/19210\/revisions"}],"predecessor-version":[{"id":19226,"href":"https:\/\/www.simar-louresodivelas.pt\/index.php\/wp-json\/wp\/v2\/posts\/19210\/revisions\/19226"}],"wp:featuredmedia":[{"embeddable":true,"href":"https:\/\/www.simar-louresodivelas.pt\/index.php\/wp-json\/wp\/v2\/media\/19212"}],"wp:attachment":[{"href":"https:\/\/www.simar-louresodivelas.pt\/index.php\/wp-json\/wp\/v2\/media?parent=19210"}],"wp:term":[{"taxonomy":"category","embeddable":true,"href":"https:\/\/www.simar-louresodivelas.pt\/index.php\/wp-json\/wp\/v2\/categories?post=19210"},{"taxonomy":"post_tag","embeddable":true,"href":"https:\/\/www.simar-louresodivelas.pt\/index.php\/wp-json\/wp\/v2\/tags?post=19210"}],"curies":[{"name":"wp","href":"https:\/\/api.w.org\/{rel}","templated":true}]}}