{"id":18322,"date":"2024-05-20T13:32:20","date_gmt":"2024-05-20T13:32:20","guid":{"rendered":"https:\/\/www.simar-louresodivelas.pt\/?p=18322"},"modified":"2024-10-29T12:37:58","modified_gmt":"2024-10-29T12:37:58","slug":"apresentacao-simarzinho","status":"publish","type":"post","link":"https:\/\/www.simar-louresodivelas.pt\/index.php\/arquivo\/18322","title":{"rendered":"Apresenta\u00e7\u00e3o p\u00fablica da mascote Simarzinho"},"content":{"rendered":"\t\t<div data-elementor-type=\"wp-post\" data-elementor-id=\"18322\" class=\"elementor elementor-18322\">\n\t\t\t\t\t\t<section class=\"elementor-section elementor-top-section elementor-element elementor-element-beb66b4 elementor-section-boxed elementor-section-height-default elementor-section-height-default\" data-id=\"beb66b4\" data-element_type=\"section\">\n\t\t\t\t\t\t<div class=\"elementor-container elementor-column-gap-default\">\n\t\t\t\t\t<div class=\"aux-parallax-section elementor-column elementor-col-100 elementor-top-column elementor-element elementor-element-6626537\" data-id=\"6626537\" data-element_type=\"column\">\n\t\t\t<div class=\"elementor-widget-wrap elementor-element-populated\">\n\t\t\t\t\t\t<div class=\"elementor-element elementor-element-53ef9de elementor-widget elementor-widget-text-editor\" data-id=\"53ef9de\" data-element_type=\"widget\" data-widget_type=\"text-editor.default\">\n\t\t\t\t<div class=\"elementor-widget-container\">\n\t\t\t\t\t\t\t\t\t<p>No \u00e2mbito do Dia Internacional da Reciclagem, os SIMAR lan\u00e7aram, no dia 18 de maio, no Strada Outlet, uma campanha de incentivo para a sustentabilidade ambiental que assenta na sua nova mascote: o SIMARZINHO.<\/p><p>Esta mascote foi pensada e constru\u00edda, fisicamente, por uma equipa multidisciplinar de trabalhadores dos SIMAR, com materiais em fim de vida e pode ser encontrada nas v\u00e1rias iniciativas onde vamos estar presentes.<\/p><p>O SIMARZINHO, em formato digital, d\u00e1 vida a todas as mensagens que queremos transmitir e que sejam vividas todos os dias pelos nossos clientes, dos 8 aos 80 anos.<\/p><p>Espera ajudar a entender os desafios do ambiente e da sustentabilidade, numa aventura que ir\u00e1 fazer (re)pensar o impacto das nossas a\u00e7\u00f5es no futuro do planeta.<\/p><p>Gestos simples como reciclar, colocar as embalagens nos ecopontos corretos, evitar o desperd\u00edcio de \u00e1gua ou fechar a torneira sempre que n\u00e3o for necess\u00e1ria, s\u00e3o a ajuda de que o SIMARZINHO precisa para salvar o planeta.<\/p><p>A iniciativa que contou com a presen\u00e7a de Edgar S. Valles, Presidente do Conselho de Administra\u00e7\u00e3o e Susana Oliveira, Vogal do Conselho de Administra\u00e7\u00e3o, foi a del\u00edcia de muitas crian\u00e7as ( e gra\u00fados) que se divertiram e aprenderam com as a\u00e7\u00f5es de incentivo \u00e0 reciclagem.<\/p>\t\t\t\t\t\t\t\t<\/div>\n\t\t\t\t<\/div>\n\t\t\t\t\t<\/div>\n\t\t<\/div>\n\t\t\t\t\t<\/div>\n\t\t<\/section>\n\t\t\t\t<section class=\"elementor-section elementor-top-section elementor-element elementor-element-e05e9dd elementor-section-boxed elementor-section-height-default elementor-section-height-default\" data-id=\"e05e9dd\" data-element_type=\"section\">\n\t\t\t\t\t\t<div class=\"elementor-container elementor-column-gap-default\">\n\t\t\t\t\t<div class=\"aux-parallax-section elementor-column elementor-col-100 elementor-top-column elementor-element elementor-element-7f9bfc4\" data-id=\"7f9bfc4\" data-element_type=\"column\">\n\t\t\t<div class=\"elementor-widget-wrap elementor-element-populated\">\n\t\t\t\t\t\t<div class=\"elementor-element elementor-element-bd4ea92 elementor-widget elementor-widget-image\" data-id=\"bd4ea92\" data-element_type=\"widget\" data-widget_type=\"image.default\">\n\t\t\t\t<div class=\"elementor-widget-container\">\n\t\t\t\t\t\t\t\t\t\t\t\t\t\t\t<img fetchpriority=\"high\" decoding=\"async\" width=\"982\" height=\"950\" src=\"https:\/\/www.simar-louresodivelas.pt\/wp-content\/uploads\/2024\/05\/imagem-simarzinho.jpg\" class=\"attachment-large size-large wp-image-18419\" alt=\"\" \/>\t\t\t\t\t\t\t\t\t\t\t\t\t\t\t<\/div>\n\t\t\t\t<\/div>\n\t\t\t\t\t<\/div>\n\t\t<\/div>\n\t\t\t\t\t<\/div>\n\t\t<\/section>\n\t\t\t\t<\/div>\n\t\t","protected":false},"excerpt":{"rendered":"<p>No \u00e2mbito do Dia Internacional da Reciclagem, os SIMAR lan\u00e7aram, no dia 18 de maio, no Strada Outlet, uma campanha de incentivo para a sustentabilidade ambiental que assenta na sua nova mascote: o SIMARZINHO. Esta mascote foi pensada e constru\u00edda, fisicamente, por uma equipa multidisciplinar de trabalhadores dos SIMAR, com materiais em fim de vida [&hellip;]<\/p>\n","protected":false},"author":1,"featured_media":18275,"comment_status":"closed","ping_status":"open","sticky":false,"template":"","format":"standard","meta":{"_monsterinsights_skip_tracking":false,"_monsterinsights_sitenote_active":false,"_monsterinsights_sitenote_note":"","_monsterinsights_sitenote_category":0,"_uf_show_specific_survey":0,"_uf_disable_surveys":false,"footnotes":""},"categories":[39],"tags":[],"class_list":["post-18322","post","type-post","status-publish","format-standard","has-post-thumbnail","hentry","category-eventos_simarzinho"],"aioseo_notices":[],"_links":{"self":[{"href":"https:\/\/www.simar-louresodivelas.pt\/index.php\/wp-json\/wp\/v2\/posts\/18322","targetHints":{"allow":["GET"]}}],"collection":[{"href":"https:\/\/www.simar-louresodivelas.pt\/index.php\/wp-json\/wp\/v2\/posts"}],"about":[{"href":"https:\/\/www.simar-louresodivelas.pt\/index.php\/wp-json\/wp\/v2\/types\/post"}],"author":[{"embeddable":true,"href":"https:\/\/www.simar-louresodivelas.pt\/index.php\/wp-json\/wp\/v2\/users\/1"}],"replies":[{"embeddable":true,"href":"https:\/\/www.simar-louresodivelas.pt\/index.php\/wp-json\/wp\/v2\/comments?post=18322"}],"version-history":[{"count":18,"href":"https:\/\/www.simar-louresodivelas.pt\/index.php\/wp-json\/wp\/v2\/posts\/18322\/revisions"}],"predecessor-version":[{"id":22632,"href":"https:\/\/www.simar-louresodivelas.pt\/index.php\/wp-json\/wp\/v2\/posts\/18322\/revisions\/22632"}],"wp:featuredmedia":[{"embeddable":true,"href":"https:\/\/www.simar-louresodivelas.pt\/index.php\/wp-json\/wp\/v2\/media\/18275"}],"wp:attachment":[{"href":"https:\/\/www.simar-louresodivelas.pt\/index.php\/wp-json\/wp\/v2\/media?parent=18322"}],"wp:term":[{"taxonomy":"category","embeddable":true,"href":"https:\/\/www.simar-louresodivelas.pt\/index.php\/wp-json\/wp\/v2\/categories?post=18322"},{"taxonomy":"post_tag","embeddable":true,"href":"https:\/\/www.simar-louresodivelas.pt\/index.php\/wp-json\/wp\/v2\/tags?post=18322"}],"curies":[{"name":"wp","href":"https:\/\/api.w.org\/{rel}","templated":true}]}}