{"id":17912,"date":"2024-05-15T09:57:21","date_gmt":"2024-05-15T09:57:21","guid":{"rendered":"https:\/\/www.simar-louresodivelas.pt\/?p=17912"},"modified":"2024-10-29T12:38:35","modified_gmt":"2024-10-29T12:38:35","slug":"simar-lancam-mascote-e-campanha-de-incentivo-para-sustentabilidade-ambiental","status":"publish","type":"post","link":"https:\/\/www.simar-louresodivelas.pt\/index.php\/arquivo\/17912","title":{"rendered":"SIMAR lan\u00e7am mascote e campanha de incentivo para sustentabilidade ambiental"},"content":{"rendered":"\t\t<div data-elementor-type=\"wp-post\" data-elementor-id=\"17912\" class=\"elementor elementor-17912\">\n\t\t\t\t\t\t<section class=\"elementor-section elementor-top-section elementor-element elementor-element-a601fbf elementor-section-boxed elementor-section-height-default elementor-section-height-default\" data-id=\"a601fbf\" data-element_type=\"section\">\n\t\t\t\t\t\t<div class=\"elementor-container elementor-column-gap-default\">\n\t\t\t\t\t<div class=\"aux-parallax-section elementor-column elementor-col-100 elementor-top-column elementor-element elementor-element-4fac6ec\" data-id=\"4fac6ec\" data-element_type=\"column\">\n\t\t\t<div class=\"elementor-widget-wrap elementor-element-populated\">\n\t\t\t\t\t\t<div class=\"elementor-element elementor-element-8b12883 elementor-widget elementor-widget-text-editor\" data-id=\"8b12883\" data-element_type=\"widget\" data-widget_type=\"text-editor.default\">\n\t\t\t\t<div class=\"elementor-widget-container\">\n\t\t\t\t\t\t\t\t\t<p>Os Servi\u00e7os Intermunicipalizados de \u00c1guas e Res\u00edduos de Loures e Odivelas (SIMAR), no \u00e2mbito do Dia Internacional da Reciclagem, lan\u00e7am uma campanha de incentivo para a sustentabilidade ambiental que assenta na sua nova mascote: o SIMARZINHO.<\/p><p>Esta mascote foi pensada e constru\u00edda, fisicamente, por uma equipa multidisciplinar de trabalhadores dos SIMAR, com materiais em fim de vida e pode ser encontrada nas v\u00e1rias iniciativas onde vamos estar presentes.<\/p><p>O SIMARZINHO, em formato digital, d\u00e1 vida a todas as mensagens que queremos transmitir e que sejam vividas todos os dias pelos nossos clientes, dos 8 aos 80 anos, espera ajudar a entender os desafios do ambiente e da sustentabilidade, numa aventura que ir\u00e1 fazer (re)pensar o impacto das nossas a\u00e7\u00f5es no futuro do planeta.<\/p><p><strong>A apresenta\u00e7\u00e3o p\u00fablica decorre no dia 18 de maio, pelas 16h30, no Strada Outlet<\/strong> (junto \u00e0 Loja Turismo de Odivelas).<\/p><p>Gestos simples como reciclar, colocar as embalagens nos ecopontos corretos, evitar o desperd\u00edcio de \u00e1gua ou fechar a torneira sempre que n\u00e3o for necess\u00e1ria, s\u00e3o a ajuda de que o SIMARZINHO precisa para salvar o planeta.<\/p><p><strong>Edgar S. Valles, Presidente do Conselho de Administra\u00e7\u00e3o dos SIMAR<\/strong>, refere que \u201cNeste Dia Internacional da Reciclagem \u00e9 cr\u00edtico iniciarmos um apelo mais forte \u00e0s pessoas para a manuten\u00e7\u00e3o do nosso grande patrim\u00f3nio natural, azul e verde.\u201d e acrescenta que \u201co SIMARZINHO tem o prop\u00f3sito de despertar a aten\u00e7\u00e3o, principalmente, dos mais novos que s\u00e3o um motor da mudan\u00e7a de comportamentos.\u201d<\/p><p>Os SIMAR t\u00eam apostado fortemente no desenvolvimento de v\u00e1rias campanhas de educa\u00e7\u00e3o e sensibiliza\u00e7\u00e3o ambiental. \u201cBeba \u00c1gua da Torneira, agora (ainda) mais saborosa.\u201d \u00e9 um exemplo que incentiva a beber \u00e1gua da torneira aromatizada. Apresent\u00e1mos, recentemente, uma candidatura ao Fundo Ambiental com o mote \u201c\u00c1gua da Torneira. A marca d\u2019\u00c1gua mais confi\u00e1vel\u201d com o objetivo de desenvolver uma visita virtual 360\u00ba ao Laborat\u00f3rio de \u00c1guas.<\/p>\t\t\t\t\t\t\t\t<\/div>\n\t\t\t\t<\/div>\n\t\t\t\t\t<\/div>\n\t\t<\/div>\n\t\t\t\t\t<\/div>\n\t\t<\/section>\n\t\t\t\t<\/div>\n\t\t","protected":false},"excerpt":{"rendered":"<p>Os Servi\u00e7os Intermunicipalizados de \u00c1guas e Res\u00edduos de Loures e Odivelas (SIMAR), no \u00e2mbito do Dia Internacional da Reciclagem, lan\u00e7am uma campanha de incentivo para a sustentabilidade ambiental que assenta na sua nova mascote: o SIMARZINHO. Esta mascote foi pensada e constru\u00edda, fisicamente, por uma equipa multidisciplinar de trabalhadores dos SIMAR, com materiais em fim [&hellip;]<\/p>\n","protected":false},"author":3,"featured_media":17955,"comment_status":"closed","ping_status":"open","sticky":false,"template":"","format":"standard","meta":{"_monsterinsights_skip_tracking":false,"_monsterinsights_sitenote_active":false,"_monsterinsights_sitenote_note":"","_monsterinsights_sitenote_category":0,"_uf_show_specific_survey":0,"_uf_disable_surveys":false,"footnotes":""},"categories":[15],"tags":[],"class_list":["post-17912","post","type-post","status-publish","format-standard","has-post-thumbnail","hentry","category-historico"],"aioseo_notices":[],"_links":{"self":[{"href":"https:\/\/www.simar-louresodivelas.pt\/index.php\/wp-json\/wp\/v2\/posts\/17912","targetHints":{"allow":["GET"]}}],"collection":[{"href":"https:\/\/www.simar-louresodivelas.pt\/index.php\/wp-json\/wp\/v2\/posts"}],"about":[{"href":"https:\/\/www.simar-louresodivelas.pt\/index.php\/wp-json\/wp\/v2\/types\/post"}],"author":[{"embeddable":true,"href":"https:\/\/www.simar-louresodivelas.pt\/index.php\/wp-json\/wp\/v2\/users\/3"}],"replies":[{"embeddable":true,"href":"https:\/\/www.simar-louresodivelas.pt\/index.php\/wp-json\/wp\/v2\/comments?post=17912"}],"version-history":[{"count":8,"href":"https:\/\/www.simar-louresodivelas.pt\/index.php\/wp-json\/wp\/v2\/posts\/17912\/revisions"}],"predecessor-version":[{"id":17956,"href":"https:\/\/www.simar-louresodivelas.pt\/index.php\/wp-json\/wp\/v2\/posts\/17912\/revisions\/17956"}],"wp:featuredmedia":[{"embeddable":true,"href":"https:\/\/www.simar-louresodivelas.pt\/index.php\/wp-json\/wp\/v2\/media\/17955"}],"wp:attachment":[{"href":"https:\/\/www.simar-louresodivelas.pt\/index.php\/wp-json\/wp\/v2\/media?parent=17912"}],"wp:term":[{"taxonomy":"category","embeddable":true,"href":"https:\/\/www.simar-louresodivelas.pt\/index.php\/wp-json\/wp\/v2\/categories?post=17912"},{"taxonomy":"post_tag","embeddable":true,"href":"https:\/\/www.simar-louresodivelas.pt\/index.php\/wp-json\/wp\/v2\/tags?post=17912"}],"curies":[{"name":"wp","href":"https:\/\/api.w.org\/{rel}","templated":true}]}}