{"id":16959,"date":"2024-04-26T10:34:51","date_gmt":"2024-04-26T10:34:51","guid":{"rendered":"https:\/\/www.simar-louresodivelas.pt\/?p=16959"},"modified":"2024-10-29T13:35:58","modified_gmt":"2024-10-29T13:35:58","slug":"como-reduzir-o-impacto-das-alteracoes-climaticas-na-seguranca-e-saude-do-trabalhador","status":"publish","type":"post","link":"https:\/\/www.simar-louresodivelas.pt\/index.php\/arquivo\/16959","title":{"rendered":"Como reduzir o impacto das altera\u00e7\u00f5es clim\u00e1ticas na Seguran\u00e7a e Sa\u00fade do Trabalhador?"},"content":{"rendered":"\t\t<div data-elementor-type=\"wp-post\" data-elementor-id=\"16959\" class=\"elementor elementor-16959\">\n\t\t\t\t\t\t<section class=\"elementor-section elementor-top-section elementor-element elementor-element-146f628 elementor-section-boxed elementor-section-height-default elementor-section-height-default\" data-id=\"146f628\" data-element_type=\"section\">\n\t\t\t\t\t\t<div class=\"elementor-container elementor-column-gap-default\">\n\t\t\t\t\t<div class=\"aux-parallax-section elementor-column elementor-col-100 elementor-top-column elementor-element elementor-element-d22fc8c\" data-id=\"d22fc8c\" data-element_type=\"column\">\n\t\t\t<div class=\"elementor-widget-wrap elementor-element-populated\">\n\t\t\t\t\t\t<div class=\"elementor-element elementor-element-10572d3 elementor-widget elementor-widget-text-editor\" data-id=\"10572d3\" data-element_type=\"widget\" data-widget_type=\"text-editor.default\">\n\t\t\t\t<div class=\"elementor-widget-container\">\n\t\t\t\t\t\t\t\t\t<p>Os desafios das mudan\u00e7as clim\u00e1ticas tamb\u00e9m precisam ser enfrentados pelo mundo do trabalho para preservar a sa\u00fade e a integridade f\u00edsica e ps\u00edquica dos trabalhadores.<\/p><p>Com esse prop\u00f3sito, a Organiza\u00e7\u00e3o Internacional do Trabalho (OIT) prop\u00f5e que a reflex\u00e3o do Dia Mundial da Seguran\u00e7a e Sa\u00fade no Trabalho de 2024, que ocorre em 28 de abril, tenha como tema central os impactos das mudan\u00e7as clim\u00e1ticas na seguran\u00e7a e sa\u00fade no trabalho.<\/p><p>O objetivo \u00e9 sensibilizar para os impactos das altera\u00e7\u00f5es clim\u00e1ticas no mundo do trabalho, destacando que as ocorr\u00eancias cada vez mais frequentes de fen\u00f3menos clim\u00e1ticos extremos podem acentuar a exposi\u00e7\u00e3o a riscos profissionais, tais como o calor ou o frio excessivo e o consequente stress t\u00e9rmico, a polui\u00e7\u00e3o do ar, o aumento de doen\u00e7as transmitidas por vetores e o incremento da exposi\u00e7\u00e3o a produtos qu\u00edmicos.<\/p>\t\t\t\t\t\t\t\t<\/div>\n\t\t\t\t<\/div>\n\t\t\t\t\t<\/div>\n\t\t<\/div>\n\t\t\t\t\t<\/div>\n\t\t<\/section>\n\t\t\t\t<section class=\"elementor-section elementor-top-section elementor-element elementor-element-6b9ebfe elementor-section-boxed elementor-section-height-default elementor-section-height-default\" data-id=\"6b9ebfe\" data-element_type=\"section\">\n\t\t\t\t\t\t<div class=\"elementor-container elementor-column-gap-default\">\n\t\t\t\t\t<div class=\"aux-parallax-section elementor-column elementor-col-50 elementor-top-column elementor-element elementor-element-1531e3c\" data-id=\"1531e3c\" data-element_type=\"column\">\n\t\t\t<div class=\"elementor-widget-wrap elementor-element-populated\">\n\t\t\t\t\t\t<div class=\"elementor-element elementor-element-27bde66 elementor-widget elementor-widget-image\" data-id=\"27bde66\" data-element_type=\"widget\" data-widget_type=\"image.default\">\n\t\t\t\t<div class=\"elementor-widget-container\">\n\t\t\t\t\t\t\t\t\t\t\t\t\t\t\t<img fetchpriority=\"high\" decoding=\"async\" width=\"1086\" height=\"1536\" src=\"https:\/\/www.simar-louresodivelas.pt\/wp-content\/uploads\/2024\/04\/Prancheta-1@300x-100-1-1086x1536.jpg\" class=\"attachment-1536x1536 size-1536x1536 wp-image-16969\" alt=\"\" srcset=\"https:\/\/www.simar-louresodivelas.pt\/wp-content\/uploads\/2024\/04\/Prancheta-1@300x-100-1-1086x1536.jpg 1086w, https:\/\/www.simar-louresodivelas.pt\/wp-content\/uploads\/2024\/04\/Prancheta-1@300x-100-1-1448x2048.jpg 1448w, https:\/\/www.simar-louresodivelas.pt\/wp-content\/uploads\/2024\/04\/Prancheta-1@300x-100-1-scaled.jpg 1810w\" sizes=\"(max-width: 1086px) 100vw, 1086px\" \/>\t\t\t\t\t\t\t\t\t\t\t\t\t\t\t<\/div>\n\t\t\t\t<\/div>\n\t\t\t\t\t<\/div>\n\t\t<\/div>\n\t\t\t\t<div class=\"aux-parallax-section elementor-column elementor-col-50 elementor-top-column elementor-element elementor-element-63642d5\" data-id=\"63642d5\" data-element_type=\"column\">\n\t\t\t<div class=\"elementor-widget-wrap elementor-element-populated\">\n\t\t\t\t\t\t<div class=\"elementor-element elementor-element-4d87958 elementor-widget elementor-widget-video\" data-id=\"4d87958\" data-element_type=\"widget\" data-settings=\"{&quot;video_type&quot;:&quot;hosted&quot;,&quot;autoplay&quot;:&quot;yes&quot;,&quot;play_on_mobile&quot;:&quot;yes&quot;,&quot;controls&quot;:&quot;yes&quot;}\" data-widget_type=\"video.default\">\n\t\t\t\t<div class=\"elementor-widget-container\">\n\t\t\t\t\t\t\t<div class=\"e-hosted-video elementor-wrapper elementor-open-inline\">\n\t\t\t\t\t<video class=\"elementor-video\" src=\"https:\/\/www.simar-louresodivelas.pt\/wp-content\/uploads\/2024\/04\/video-legendado-final.mp4\" autoplay=\"\" controls=\"\" playsinline=\"\" controlsList=\"nodownload\"><\/video>\n\t\t\t\t<\/div>\n\t\t\t\t\t\t<\/div>\n\t\t\t\t<\/div>\n\t\t\t\t\t<\/div>\n\t\t<\/div>\n\t\t\t\t\t<\/div>\n\t\t<\/section>\n\t\t\t\t<\/div>\n\t\t","protected":false},"excerpt":{"rendered":"<p>Os desafios das mudan\u00e7as clim\u00e1ticas tamb\u00e9m precisam ser enfrentados pelo mundo do trabalho para preservar a sa\u00fade e a integridade f\u00edsica e ps\u00edquica dos trabalhadores. Com esse prop\u00f3sito, a Organiza\u00e7\u00e3o Internacional do Trabalho (OIT) prop\u00f5e que a reflex\u00e3o do Dia Mundial da Seguran\u00e7a e Sa\u00fade no Trabalho de 2024, que ocorre em 28 de abril, [&hellip;]<\/p>\n","protected":false},"author":3,"featured_media":16960,"comment_status":"closed","ping_status":"open","sticky":false,"template":"","format":"standard","meta":{"_monsterinsights_skip_tracking":false,"_monsterinsights_sitenote_active":false,"_monsterinsights_sitenote_note":"","_monsterinsights_sitenote_category":0,"_uf_show_specific_survey":0,"_uf_disable_surveys":false,"footnotes":""},"categories":[15],"tags":[],"class_list":["post-16959","post","type-post","status-publish","format-standard","has-post-thumbnail","hentry","category-historico"],"aioseo_notices":[],"_links":{"self":[{"href":"https:\/\/www.simar-louresodivelas.pt\/index.php\/wp-json\/wp\/v2\/posts\/16959","targetHints":{"allow":["GET"]}}],"collection":[{"href":"https:\/\/www.simar-louresodivelas.pt\/index.php\/wp-json\/wp\/v2\/posts"}],"about":[{"href":"https:\/\/www.simar-louresodivelas.pt\/index.php\/wp-json\/wp\/v2\/types\/post"}],"author":[{"embeddable":true,"href":"https:\/\/www.simar-louresodivelas.pt\/index.php\/wp-json\/wp\/v2\/users\/3"}],"replies":[{"embeddable":true,"href":"https:\/\/www.simar-louresodivelas.pt\/index.php\/wp-json\/wp\/v2\/comments?post=16959"}],"version-history":[{"count":19,"href":"https:\/\/www.simar-louresodivelas.pt\/index.php\/wp-json\/wp\/v2\/posts\/16959\/revisions"}],"predecessor-version":[{"id":22638,"href":"https:\/\/www.simar-louresodivelas.pt\/index.php\/wp-json\/wp\/v2\/posts\/16959\/revisions\/22638"}],"wp:featuredmedia":[{"embeddable":true,"href":"https:\/\/www.simar-louresodivelas.pt\/index.php\/wp-json\/wp\/v2\/media\/16960"}],"wp:attachment":[{"href":"https:\/\/www.simar-louresodivelas.pt\/index.php\/wp-json\/wp\/v2\/media?parent=16959"}],"wp:term":[{"taxonomy":"category","embeddable":true,"href":"https:\/\/www.simar-louresodivelas.pt\/index.php\/wp-json\/wp\/v2\/categories?post=16959"},{"taxonomy":"post_tag","embeddable":true,"href":"https:\/\/www.simar-louresodivelas.pt\/index.php\/wp-json\/wp\/v2\/tags?post=16959"}],"curies":[{"name":"wp","href":"https:\/\/api.w.org\/{rel}","templated":true}]}}