{"id":16231,"date":"2024-03-22T17:12:25","date_gmt":"2024-03-22T17:12:25","guid":{"rendered":"https:\/\/www.simar-louresodivelas.pt\/?p=16231"},"modified":"2024-10-29T13:38:35","modified_gmt":"2024-10-29T13:38:35","slug":"simar-abrem-portas-a-populacao-no-dia-mundial-da-agua","status":"publish","type":"post","link":"https:\/\/www.simar-louresodivelas.pt\/index.php\/arquivo\/16231","title":{"rendered":"SIMAR abrem portas \u00e0 popula\u00e7\u00e3o no Dia Mundial da \u00c1gua"},"content":{"rendered":"\t\t<div data-elementor-type=\"wp-post\" data-elementor-id=\"16231\" class=\"elementor elementor-16231\">\n\t\t\t\t\t\t<section class=\"elementor-section elementor-top-section elementor-element elementor-element-4610cbb elementor-section-boxed elementor-section-height-default elementor-section-height-default\" data-id=\"4610cbb\" data-element_type=\"section\">\n\t\t\t\t\t\t<div class=\"elementor-container elementor-column-gap-default\">\n\t\t\t\t\t<div class=\"aux-parallax-section elementor-column elementor-col-100 elementor-top-column elementor-element elementor-element-baec3c1\" data-id=\"baec3c1\" data-element_type=\"column\">\n\t\t\t<div class=\"elementor-widget-wrap elementor-element-populated\">\n\t\t\t\t\t\t<div class=\"elementor-element elementor-element-107dada elementor-widget elementor-widget-text-editor\" data-id=\"107dada\" data-element_type=\"widget\" data-widget_type=\"text-editor.default\">\n\t\t\t\t<div class=\"elementor-widget-container\">\n\t\t\t\t\t\t\t\t\t<p>Por ocasi\u00e3o do Dia Mundial da \u00c1gua, os SIMAR abrem as portas do Laborat\u00f3rio de \u00c1guas e do Reservat\u00f3rio de Santa Maria \u00e0 popula\u00e7\u00e3o.<\/p><p>Todos os visitantes tiveram a possibilidade de conhecer o trabalho desenvolvido para garantir a qualidade da \u00e1gua para consumo humano e o sistema de abastecimento de \u00e1gua distribu\u00edda nos concelhos de Loures e Odivelas.<\/p><p>A \u00e1gua distribu\u00edda pelos SIMAR \u00e9 99,99% segura. Por ano, s\u00e3o realizadas mais de 25000 an\u00e1lises para controlar a qualidade da \u00e1gua.<\/p><p>O\u00a0Dia Mundial da \u00c1gua \u00e9 celebrado anualmente no dia 22 de mar\u00e7o com o objetivo de chamar a aten\u00e7\u00e3o para a\u00a0import\u00e2ncia da \u00e1gua e defender uma utiliza\u00e7\u00e3o e controlo sustent\u00e1veis\u00a0dos recursos de \u00e1gua pot\u00e1vel.<\/p><p>Em 2024, o\u00a0tema \u00e9 \u00ab\u00c1gua para a paz\u00bb.\u00a0 Devemos agir com base na compreens\u00e3o de que a \u00e1gua n\u00e3o \u00e9 apenas um recurso a ser utilizado e pelo qual se compete \u2013 \u00e9 um direito humano, intr\u00ednseco a todos os aspetos da vida.<\/p><p>Neste Dia Mundial da \u00c1gua, todos precisamos de nos unir em torno da \u00e1gua e de us\u00e1-la para a paz, lan\u00e7ando as bases para um amanh\u00e3 mais est\u00e1vel e pr\u00f3spero.<\/p><p><img fetchpriority=\"high\" decoding=\"async\" class=\"alignnone wp-image-16243 size-full\" src=\"https:\/\/www.simar-louresodivelas.pt\/wp-content\/uploads\/2024\/03\/DIA-DA-AGUA-2.jpg\" alt=\"\" width=\"951\" height=\"1686\" srcset=\"https:\/\/www.simar-louresodivelas.pt\/wp-content\/uploads\/2024\/03\/DIA-DA-AGUA-2.jpg 951w, https:\/\/www.simar-louresodivelas.pt\/wp-content\/uploads\/2024\/03\/DIA-DA-AGUA-2-866x1536.jpg 866w\" sizes=\"(max-width: 951px) 100vw, 951px\" \/><\/p>\t\t\t\t\t\t\t\t<\/div>\n\t\t\t\t<\/div>\n\t\t\t\t\t<\/div>\n\t\t<\/div>\n\t\t\t\t\t<\/div>\n\t\t<\/section>\n\t\t\t\t<\/div>\n\t\t","protected":false},"excerpt":{"rendered":"<p>Por ocasi\u00e3o do Dia Mundial da \u00c1gua, os SIMAR abrem as portas do Laborat\u00f3rio de \u00c1guas e do Reservat\u00f3rio de Santa Maria \u00e0 popula\u00e7\u00e3o. Todos os visitantes tiveram a possibilidade de conhecer o trabalho desenvolvido para garantir a qualidade da \u00e1gua para consumo humano e o sistema de abastecimento de \u00e1gua distribu\u00edda nos concelhos de [&hellip;]<\/p>\n","protected":false},"author":1,"featured_media":16232,"comment_status":"closed","ping_status":"open","sticky":false,"template":"","format":"standard","meta":{"_monsterinsights_skip_tracking":false,"_monsterinsights_sitenote_active":false,"_monsterinsights_sitenote_note":"","_monsterinsights_sitenote_category":0,"_uf_show_specific_survey":0,"_uf_disable_surveys":false,"footnotes":""},"categories":[15],"tags":[],"class_list":["post-16231","post","type-post","status-publish","format-standard","has-post-thumbnail","hentry","category-historico"],"aioseo_notices":[],"_links":{"self":[{"href":"https:\/\/www.simar-louresodivelas.pt\/index.php\/wp-json\/wp\/v2\/posts\/16231","targetHints":{"allow":["GET"]}}],"collection":[{"href":"https:\/\/www.simar-louresodivelas.pt\/index.php\/wp-json\/wp\/v2\/posts"}],"about":[{"href":"https:\/\/www.simar-louresodivelas.pt\/index.php\/wp-json\/wp\/v2\/types\/post"}],"author":[{"embeddable":true,"href":"https:\/\/www.simar-louresodivelas.pt\/index.php\/wp-json\/wp\/v2\/users\/1"}],"replies":[{"embeddable":true,"href":"https:\/\/www.simar-louresodivelas.pt\/index.php\/wp-json\/wp\/v2\/comments?post=16231"}],"version-history":[{"count":8,"href":"https:\/\/www.simar-louresodivelas.pt\/index.php\/wp-json\/wp\/v2\/posts\/16231\/revisions"}],"predecessor-version":[{"id":16267,"href":"https:\/\/www.simar-louresodivelas.pt\/index.php\/wp-json\/wp\/v2\/posts\/16231\/revisions\/16267"}],"wp:featuredmedia":[{"embeddable":true,"href":"https:\/\/www.simar-louresodivelas.pt\/index.php\/wp-json\/wp\/v2\/media\/16232"}],"wp:attachment":[{"href":"https:\/\/www.simar-louresodivelas.pt\/index.php\/wp-json\/wp\/v2\/media?parent=16231"}],"wp:term":[{"taxonomy":"category","embeddable":true,"href":"https:\/\/www.simar-louresodivelas.pt\/index.php\/wp-json\/wp\/v2\/categories?post=16231"},{"taxonomy":"post_tag","embeddable":true,"href":"https:\/\/www.simar-louresodivelas.pt\/index.php\/wp-json\/wp\/v2\/tags?post=16231"}],"curies":[{"name":"wp","href":"https:\/\/api.w.org\/{rel}","templated":true}]}}