{"id":15168,"date":"2024-02-01T18:29:12","date_gmt":"2024-02-01T18:29:12","guid":{"rendered":"https:\/\/www.simar-louresodivelas.pt\/?p=15168"},"modified":"2024-10-29T13:50:02","modified_gmt":"2024-10-29T13:50:02","slug":"interrupcao-no-abastecimento-de-agua-das-15h-do-dia-2-fevereiro-a-1h-do-dia-3-de-fevereiro-prior-velho","status":"publish","type":"post","link":"https:\/\/www.simar-louresodivelas.pt\/index.php\/arquivo\/15168","title":{"rendered":"ATUALIZA\u00c7\u00c3O &#8211; Interrup\u00e7\u00e3o no abastecimento de \u00e1gua &#8211; 2 de fevereiro &#8211; Prior Velho"},"content":{"rendered":"\t\t<div data-elementor-type=\"wp-post\" data-elementor-id=\"15168\" class=\"elementor elementor-15168\">\n\t\t\t\t\t\t<section class=\"elementor-section elementor-top-section elementor-element elementor-element-e4fd11a elementor-section-boxed elementor-section-height-default elementor-section-height-default\" data-id=\"e4fd11a\" data-element_type=\"section\">\n\t\t\t\t\t\t<div class=\"elementor-container elementor-column-gap-default\">\n\t\t\t\t\t<div class=\"aux-parallax-section elementor-column elementor-col-100 elementor-top-column elementor-element elementor-element-77759de\" data-id=\"77759de\" data-element_type=\"column\">\n\t\t\t<div class=\"elementor-widget-wrap elementor-element-populated\">\n\t\t\t\t\t\t<div class=\"elementor-element elementor-element-973f1b5 elementor-widget elementor-widget-text-editor\" data-id=\"973f1b5\" data-element_type=\"widget\" data-widget_type=\"text-editor.default\">\n\t\t\t\t<div class=\"elementor-widget-container\">\n\t\t\t\t\t\t\t\t\t<p>Apesar dos esfor\u00e7os desenvolvidos pelos SIMAR, o hor\u00e1rio previsto para normaliza\u00e7\u00e3o do abastecimento de \u00e1gua \u00e9 pelas 21h.<\/p>\n<p>Apelamos \u00e0 compreens\u00e3o pelos transtornos causados. <\/p>\n<p><\/p>\n<p>&nbsp;&nbsp;&nbsp;&nbsp;&nbsp;&nbsp;&nbsp;&nbsp;&nbsp;&nbsp;&nbsp;&nbsp;&nbsp;&nbsp;&nbsp;&nbsp;&nbsp;&nbsp;&nbsp;&nbsp;&nbsp;&nbsp;&nbsp;&nbsp;&nbsp;&nbsp;&nbsp;&nbsp;&nbsp;&nbsp;&nbsp;&nbsp; ***<\/p>\n<p><\/p>\n<p>No \u00e2mbito dos trabalhos de repara\u00e7\u00e3o de uma rotura no Prior Velho, <strong>&nbsp;\u00e9 necess\u00e1rio suspender o abastecimento de \u00e1gua das 9h&nbsp; \u00e0s 18h do dia 02 de fevereiro de 2024.<\/strong><\/p>\n<p>Estamos a trabalhar, todos os dias, para melhorar as condi\u00e7\u00f5es de abastecimento de \u00e1gua nos concelhos de Loures e Odivelas.<\/p>\n<p>Vamos desenvolver todos os esfor\u00e7os para a r\u00e1pida conclus\u00e3o dos trabalhos.<\/p>\n<p>Apelamos \u00e0 compreens\u00e3o de todos e lamentamos os transtornos causados.<\/p>\t\t\t\t\t\t\t\t<\/div>\n\t\t\t\t<\/div>\n\t\t\t\t\t<\/div>\n\t\t<\/div>\n\t\t\t\t\t<\/div>\n\t\t<\/section>\n\t\t\t\t<\/div>\n\t\t","protected":false},"excerpt":{"rendered":"<p>Apesar dos esfor\u00e7os desenvolvidos pelos SIMAR, o hor\u00e1rio previsto para normaliza\u00e7\u00e3o do abastecimento de \u00e1gua \u00e9 pelas 21h. Apelamos \u00e0 compreens\u00e3o pelos transtornos causados. &nbsp;&nbsp;&nbsp;&nbsp;&nbsp;&nbsp;&nbsp;&nbsp;&nbsp;&nbsp;&nbsp;&nbsp;&nbsp;&nbsp;&nbsp;&nbsp;&nbsp;&nbsp;&nbsp;&nbsp;&nbsp;&nbsp;&nbsp;&nbsp;&nbsp;&nbsp;&nbsp;&nbsp;&nbsp;&nbsp;&nbsp;&nbsp; *** No \u00e2mbito dos trabalhos de repara\u00e7\u00e3o de uma rotura no Prior Velho, &nbsp;\u00e9 necess\u00e1rio suspender o abastecimento de \u00e1gua das 9h&nbsp; \u00e0s 18h do dia 02 de fevereiro de [&hellip;]<\/p>\n","protected":false},"author":3,"featured_media":15169,"comment_status":"closed","ping_status":"open","sticky":false,"template":"","format":"standard","meta":{"_monsterinsights_skip_tracking":false,"_monsterinsights_sitenote_active":false,"_monsterinsights_sitenote_note":"","_monsterinsights_sitenote_category":0,"_uf_show_specific_survey":0,"_uf_disable_surveys":false,"footnotes":""},"categories":[32],"tags":[],"class_list":["post-15168","post","type-post","status-publish","format-standard","has-post-thumbnail","hentry","category-avisos-a-populacao"],"aioseo_notices":[],"_links":{"self":[{"href":"https:\/\/www.simar-louresodivelas.pt\/index.php\/wp-json\/wp\/v2\/posts\/15168","targetHints":{"allow":["GET"]}}],"collection":[{"href":"https:\/\/www.simar-louresodivelas.pt\/index.php\/wp-json\/wp\/v2\/posts"}],"about":[{"href":"https:\/\/www.simar-louresodivelas.pt\/index.php\/wp-json\/wp\/v2\/types\/post"}],"author":[{"embeddable":true,"href":"https:\/\/www.simar-louresodivelas.pt\/index.php\/wp-json\/wp\/v2\/users\/3"}],"replies":[{"embeddable":true,"href":"https:\/\/www.simar-louresodivelas.pt\/index.php\/wp-json\/wp\/v2\/comments?post=15168"}],"version-history":[{"count":16,"href":"https:\/\/www.simar-louresodivelas.pt\/index.php\/wp-json\/wp\/v2\/posts\/15168\/revisions"}],"predecessor-version":[{"id":15202,"href":"https:\/\/www.simar-louresodivelas.pt\/index.php\/wp-json\/wp\/v2\/posts\/15168\/revisions\/15202"}],"wp:featuredmedia":[{"embeddable":true,"href":"https:\/\/www.simar-louresodivelas.pt\/index.php\/wp-json\/wp\/v2\/media\/15169"}],"wp:attachment":[{"href":"https:\/\/www.simar-louresodivelas.pt\/index.php\/wp-json\/wp\/v2\/media?parent=15168"}],"wp:term":[{"taxonomy":"category","embeddable":true,"href":"https:\/\/www.simar-louresodivelas.pt\/index.php\/wp-json\/wp\/v2\/categories?post=15168"},{"taxonomy":"post_tag","embeddable":true,"href":"https:\/\/www.simar-louresodivelas.pt\/index.php\/wp-json\/wp\/v2\/tags?post=15168"}],"curies":[{"name":"wp","href":"https:\/\/api.w.org\/{rel}","templated":true}]}}