{"id":14260,"date":"2023-12-20T22:25:31","date_gmt":"2023-12-20T22:25:31","guid":{"rendered":"https:\/\/www.simar-louresodivelas.pt\/?p=14260"},"modified":"2024-10-29T13:55:32","modified_gmt":"2024-10-29T13:55:32","slug":"participacao-publica","status":"publish","type":"post","link":"https:\/\/www.simar-louresodivelas.pt\/index.php\/arquivo\/14260","title":{"rendered":"Participa\u00e7\u00e3o P\u00fablica"},"content":{"rendered":"\t\t<div data-elementor-type=\"wp-post\" data-elementor-id=\"14260\" class=\"elementor elementor-14260\">\n\t\t\t\t\t\t<section class=\"elementor-section elementor-top-section elementor-element elementor-element-61d9288e elementor-section-boxed elementor-section-height-default elementor-section-height-default\" data-id=\"61d9288e\" data-element_type=\"section\">\n\t\t\t\t\t\t<div class=\"elementor-container elementor-column-gap-default\">\n\t\t\t\t\t<div class=\"aux-parallax-section elementor-column elementor-col-100 elementor-top-column elementor-element elementor-element-674cec90\" data-id=\"674cec90\" data-element_type=\"column\">\n\t\t\t<div class=\"elementor-widget-wrap elementor-element-populated\">\n\t\t\t\t\t\t<div class=\"elementor-element elementor-element-9a17e72 elementor-widget elementor-widget-text-editor\" data-id=\"9a17e72\" data-element_type=\"widget\" data-widget_type=\"text-editor.default\">\n\t\t\t\t<div class=\"elementor-widget-container\">\n\t\t\t\t\t\t\t\t\t\n<p><strong>PAPERSU \u2013 Plano de A\u00e7\u00e3o para a aplica\u00e7\u00e3o do Plano Estrat\u00e9gico para os Res\u00edduos Urbanos 2030 <\/strong><\/p>\n\t\t\t\t\t\t\t\t<\/div>\n\t\t\t\t<\/div>\n\t\t\t\t\t<\/div>\n\t\t<\/div>\n\t\t\t\t\t<\/div>\n\t\t<\/section>\n\t\t\t\t<section class=\"elementor-section elementor-top-section elementor-element elementor-element-665c464 elementor-section-boxed elementor-section-height-default elementor-section-height-default\" data-id=\"665c464\" data-element_type=\"section\">\n\t\t\t\t\t\t<div class=\"elementor-container elementor-column-gap-default\">\n\t\t\t\t\t<div class=\"aux-parallax-section elementor-column elementor-col-100 elementor-top-column elementor-element elementor-element-5eb97c3\" data-id=\"5eb97c3\" data-element_type=\"column\">\n\t\t\t<div class=\"elementor-widget-wrap elementor-element-populated\">\n\t\t\t\t\t\t<div class=\"elementor-element elementor-element-0b23e73 elementor-widget elementor-widget-text-editor\" data-id=\"0b23e73\" data-element_type=\"widget\" data-widget_type=\"text-editor.default\">\n\t\t\t\t<div class=\"elementor-widget-container\">\n\t\t\t\t\t\t\t\t\t<p>De acordo com a Ag\u00eancia Portuguesa do Ambiente, \u201cO Plano Estrat\u00e9gico para os Res\u00edduos Urbanos (PERSU 2030) visa dar continuidade \u00e0 aplica\u00e7\u00e3o da pol\u00edtica nacional de res\u00edduos, orientando os agentes envolvidos para a implementa\u00e7\u00e3o de a\u00e7\u00f5es que permitam ao pa\u00eds estar alinhado com as pol\u00edticas e orienta\u00e7\u00f5es comunit\u00e1rias, contribuir para o aumento da preven\u00e7\u00e3o, reciclagem e outras formas de valoriza\u00e7\u00e3o dos res\u00edduos urbanos, com a consequente redu\u00e7\u00e3o de consumo de mat\u00e9rias-primas naturais de recurso limitado.<\/p>\n<p>Este plano foca-se na preven\u00e7\u00e3o da produ\u00e7\u00e3o de res\u00edduos e na recolha seletiva, tendo particular aten\u00e7\u00e3o \u00e0s novas fra\u00e7\u00f5es: res\u00edduos t\u00eaxteis, res\u00edduos perigosos e biorres\u00edduos, dando ainda relev\u00e2ncia \u00e0 promo\u00e7\u00e3o do uso dos materiais provenientes de res\u00edduos (combust\u00edvel derivado de res\u00edduos, composto, recicl\u00e1veis recuperados, biog\u00e1s e cinzas\/esc\u00f3rias).\u201d<\/p>\n<p><strong>METAS AMBIENTAIS EXIGENTES<\/strong><\/p>\n<p><br \/>As Metas Ambientais Europeias a que Portugal est\u00e1 sujeito para os anos de 2030 e 2035 s\u00e3o muito exigentes, sendo que a Meta de Reciclagem implica atingir os 60% e os 65% do total dos res\u00edduos urbanos existentes para os anos de 2030 e 2035, respetivamente, e a Meta de Deposi\u00e7\u00e3o em Aterro em 2035 n\u00e3o poder\u00e1 ultrapassar os 10% da totalidade dos res\u00edduos urbanos tratados, o que naturalmente imp\u00f5e uma altera\u00e7\u00e3o profunda aos h\u00e1bitos da popula\u00e7\u00e3o portuguesa.<\/p>\n<p><br \/>Em 2021, em Portugal, 56% dos res\u00edduos foram depositados em Aterro e a Meta da Reciclagem atingiu os 32%, e esta \u00e9 a refer\u00eancia de partida a n\u00edvel nacional.<\/p>\n<p><br \/><strong>H\u00c1BITOS MAIS CONSCIENTES E SUSTENT\u00c1VEIS<\/strong><\/p>\n<p><br \/>A reciclagem dos materiais \u00e9 uma necessidade de um Mundo sustent\u00e1vel e os n\u00fameros demonstram que os Portugueses j\u00e1 est\u00e3o conscientes deste facto. Prova disso \u00e9 que j\u00e1 todos identificamos a reciclagem como uma das pr\u00e1ticas que facilmente podemos adotar no nosso dia-a-dia e que ter\u00e1 grande impacto no futuro Sustent\u00e1vel do Planeta, quer ao n\u00edvel dos recursos \u2013 mat\u00e9rias virgens &#8211; que se poupam ao incorporar nos produtos materiais reciclados, quer ao n\u00edvel dos impactos ambientais gerados pelo tratamento dos res\u00edduos urbanos. Esta consci\u00eancia ambiental, j\u00e1 enraizada na sociedade portuguesa, \u00e9 por si s\u00f3 um facto muito positivo. De qualquer forma vai ser necess\u00e1rio criar rotinas e novos h\u00e1bitos em cada uma das fam\u00edlias portuguesas, a come\u00e7ar na redu\u00e7\u00e3o e reutiliza\u00e7\u00e3o dos recursos, deixando de lado o papel de produtor de res\u00edduos e assumindo o papel de gestor de recursos.<\/p>\n<p><br \/>Tendo em conta o enquadramento exposto, os SIMAR gostariam de obter do cidad\u00e3o residente na sua \u00e1rea de interven\u00e7\u00e3o (concelhos de Loures e Odivelas) a participa\u00e7\u00e3o na elabora\u00e7\u00e3o do Plano de A\u00e7\u00e3o para os Res\u00edduos Urbanos.<\/p>\n<p><br \/>Para o efeito, responda abaixo a um breve question\u00e1rio, cuja participa\u00e7\u00e3o \u00e9 an\u00f3nima.<\/p>\n<p><br \/>Participe. <a href=\"https:\/\/docs.google.com\/forms\/d\/e\/1FAIpQLSfEJnsPUpV7i9w5-GAkhFX8bxAJQ2wgzuab5udU3wAAtmi2Sw\/viewform\" target=\"_blank\" rel=\"noopener\">AQUI!<\/a><\/p>\t\t\t\t\t\t\t\t<\/div>\n\t\t\t\t<\/div>\n\t\t\t\t\t<\/div>\n\t\t<\/div>\n\t\t\t\t\t<\/div>\n\t\t<\/section>\n\t\t\t\t<\/div>\n\t\t","protected":false},"excerpt":{"rendered":"<p>PAPERSU \u2013 Plano de A\u00e7\u00e3o para a aplica\u00e7\u00e3o do Plano Estrat\u00e9gico para os Res\u00edduos Urbanos 2030 De acordo com a Ag\u00eancia Portuguesa do Ambiente, \u201cO Plano Estrat\u00e9gico para os Res\u00edduos Urbanos (PERSU 2030) visa dar continuidade \u00e0 aplica\u00e7\u00e3o da pol\u00edtica nacional de res\u00edduos, orientando os agentes envolvidos para a implementa\u00e7\u00e3o de a\u00e7\u00f5es que permitam ao [&hellip;]<\/p>\n","protected":false},"author":3,"featured_media":14273,"comment_status":"closed","ping_status":"open","sticky":false,"template":"","format":"standard","meta":{"_monsterinsights_skip_tracking":false,"_monsterinsights_sitenote_active":false,"_monsterinsights_sitenote_note":"","_monsterinsights_sitenote_category":0,"_uf_show_specific_survey":0,"_uf_disable_surveys":false,"footnotes":""},"categories":[15],"tags":[],"class_list":["post-14260","post","type-post","status-publish","format-standard","has-post-thumbnail","hentry","category-historico"],"aioseo_notices":[],"_links":{"self":[{"href":"https:\/\/www.simar-louresodivelas.pt\/index.php\/wp-json\/wp\/v2\/posts\/14260","targetHints":{"allow":["GET"]}}],"collection":[{"href":"https:\/\/www.simar-louresodivelas.pt\/index.php\/wp-json\/wp\/v2\/posts"}],"about":[{"href":"https:\/\/www.simar-louresodivelas.pt\/index.php\/wp-json\/wp\/v2\/types\/post"}],"author":[{"embeddable":true,"href":"https:\/\/www.simar-louresodivelas.pt\/index.php\/wp-json\/wp\/v2\/users\/3"}],"replies":[{"embeddable":true,"href":"https:\/\/www.simar-louresodivelas.pt\/index.php\/wp-json\/wp\/v2\/comments?post=14260"}],"version-history":[{"count":12,"href":"https:\/\/www.simar-louresodivelas.pt\/index.php\/wp-json\/wp\/v2\/posts\/14260\/revisions"}],"predecessor-version":[{"id":14274,"href":"https:\/\/www.simar-louresodivelas.pt\/index.php\/wp-json\/wp\/v2\/posts\/14260\/revisions\/14274"}],"wp:featuredmedia":[{"embeddable":true,"href":"https:\/\/www.simar-louresodivelas.pt\/index.php\/wp-json\/wp\/v2\/media\/14273"}],"wp:attachment":[{"href":"https:\/\/www.simar-louresodivelas.pt\/index.php\/wp-json\/wp\/v2\/media?parent=14260"}],"wp:term":[{"taxonomy":"category","embeddable":true,"href":"https:\/\/www.simar-louresodivelas.pt\/index.php\/wp-json\/wp\/v2\/categories?post=14260"},{"taxonomy":"post_tag","embeddable":true,"href":"https:\/\/www.simar-louresodivelas.pt\/index.php\/wp-json\/wp\/v2\/tags?post=14260"}],"curies":[{"name":"wp","href":"https:\/\/api.w.org\/{rel}","templated":true}]}}